{"id":4535,"date":"2018-12-17T12:58:46","date_gmt":"2018-12-17T18:58:46","guid":{"rendered":"http:\/\/gobernacionaltaverapaz.gob.gt\/?p=4535"},"modified":"2019-05-16T11:16:37","modified_gmt":"2019-05-16T17:16:37","slug":"ensamble-de-gala-maderas-metales-por-la-banda-sinfnica-marcial","status":"publish","type":"post","link":"https:\/\/gobernacionaltaverapaz.gob.gt\/?p=4535","title":{"rendered":"ENSAMBLE DE GALA &#8220;MADERAS Y METALES&#8221; POR LA BANDA SINF\u00d3NICA MARCIAL"},"content":{"rendered":"<p style=\"text-align: justify;\">En un hotel del municipio de Cob\u00e1n se realiz\u00f3 ensamble de gala: \u201cMaderas y Metales\u201d; como antesala de las fiestas de fin de a\u00f1o. Dicho ensamble fue brindado por la Banda Sinf\u00f3nica Marcial \u201cPatrimonio Cultural de la Naci\u00f3n\u201d y otros conjuntos marimb\u00edsticos reconocidos.<\/p>\n<p style=\"text-align: justify;\">La coordinaci\u00f3n y ejecuci\u00f3n del evento estuvo a cargo del Comando Regional de Entrenamiento de Operaciones de Mantenimiento de Paz -CREOMPAZ-.<\/p>\n<p style=\"text-align: justify;\">En dicho evento participaron: Ministro de Defensa Nacional, Luis Miguel Ralda Moreno; Gobernador Departamental, Lic. Erik Guerrero; General de la Sexta Brigada de Infanter\u00eda, Walter Gilberto Oliva Orantes; Alcalde de Cob\u00e1n, Koky C\u00f3rdova; Coroneles, Comandantes, Tenientes y Sub-Tenientes de CREOMPAZ.<\/p>\n<div><\/div>\n<p>&nbsp;<\/p>\n<p><a href=\"https:\/\/www.facebook.com\/GobernacionAV\/photos\/pcb.724925027890096\/724923077890291\/?type=3&amp;theater\" target=\"_blank\" rel=\"noopener\"><img decoding=\"async\" loading=\"lazy\" class=\"alignnone wp-image-3872\" title=\"Ver galer\u00eda en Facebook\" src=\"http:\/\/gobernacionaltaverapaz.gob.gt\/wp-content\/uploads\/2019\/05\/boton-galeria_fotos-150x150-300x99.jpg\" alt=\"\" width=\"200\" height=\"66\" \/><\/a><\/p>\n","protected":false},"excerpt":{"rendered":"<p>Como antesala de las fiestas de fin de a\u00f1o.<\/p>\n","protected":false},"author":1,"featured_media":4490,"comment_status":"closed","ping_status":"open","sticky":false,"template":"","format":"gallery","meta":[],"categories":[183,199],"tags":[],"_links":{"self":[{"href":"https:\/\/gobernacionaltaverapaz.gob.gt\/index.php?rest_route=\/wp\/v2\/posts\/4535"}],"collection":[{"href":"https:\/\/gobernacionaltaverapaz.gob.gt\/index.php?rest_route=\/wp\/v2\/posts"}],"about":[{"href":"https:\/\/gobernacionaltaverapaz.gob.gt\/index.php?rest_route=\/wp\/v2\/types\/post"}],"author":[{"embeddable":true,"href":"https:\/\/gobernacionaltaverapaz.gob.gt\/index.php?rest_route=\/wp\/v2\/users\/1"}],"replies":[{"embeddable":true,"href":"https:\/\/gobernacionaltaverapaz.gob.gt\/index.php?rest_route=%2Fwp%2Fv2%2Fcomments&post=4535"}],"version-history":[{"count":1,"href":"https:\/\/gobernacionaltaverapaz.gob.gt\/index.php?rest_route=\/wp\/v2\/posts\/4535\/revisions"}],"predecessor-version":[{"id":4536,"href":"https:\/\/gobernacionaltaverapaz.gob.gt\/index.php?rest_route=\/wp\/v2\/posts\/4535\/revisions\/4536"}],"wp:featuredmedia":[{"embeddable":true,"href":"https:\/\/gobernacionaltaverapaz.gob.gt\/index.php?rest_route=\/wp\/v2\/media\/4490"}],"wp:attachment":[{"href":"https:\/\/gobernacionaltaverapaz.gob.gt\/index.php?rest_route=%2Fwp%2Fv2%2Fmedia&parent=4535"}],"wp:term":[{"taxonomy":"category","embeddable":true,"href":"https:\/\/gobernacionaltaverapaz.gob.gt\/index.php?rest_route=%2Fwp%2Fv2%2Fcategories&post=4535"},{"taxonomy":"post_tag","embeddable":true,"href":"https:\/\/gobernacionaltaverapaz.gob.gt\/index.php?rest_route=%2Fwp%2Fv2%2Ftags&post=4535"}],"curies":[{"name":"wp","href":"https:\/\/api.w.org\/{rel}","templated":true}]}}