{"id":4618,"date":"2018-12-14T08:24:31","date_gmt":"2018-12-14T14:24:31","guid":{"rendered":"http:\/\/gobernacionaltaverapaz.gob.gt\/?p=4618"},"modified":"2019-05-16T12:55:47","modified_gmt":"2019-05-16T18:55:47","slug":"reunin-ordinaria-del-consejo-regional-de-desarrollo-urbano-rural-regin-norte-coredur-2","status":"publish","type":"post","link":"https:\/\/gobernacionaltaverapaz.gob.gt\/?p=4618","title":{"rendered":"REUNI\u00d3N ORDINARIA DEL CONSEJO REGIONAL DE DESARROLLO URBANO Y RURAL REGI\u00d3N NORTE -COREDUR-"},"content":{"rendered":"<div class=\"k_um1_e3ht7 j_um1_e8yq4 clearfix\">\n<div class=\"clearfix t_um1_e3jjy\">\n<div class=\"clearfix _42ef\">\n<div class=\"s_um1_e3jk3\">\n<div>\n<div class=\"_6a _5u5j\">\n<div class=\"_6a _5u5j _6b\">\n<p style=\"text-align: justify;\">Este mes de Diciembre se realiz\u00f3 reuni\u00f3n ordinaria del \u201cConsejo Regional de Desarrollo Urbano y Rural Regi\u00f3n Norte\u201d -COREDUR-; en las instalaciones de Gobernaci\u00f3n Departamental del\u00a0municipio de Salam\u00e1, Baja Verapaz.<\/p>\n<p style=\"text-align: justify;\">En la reuni\u00f3n se socializaron los avances f\u00edsicos y financieros de proyectos de los consejos de desarrollo de Alta y Baja Veraz. Tambi\u00e9n se dio a conocer que durante el presente ejercicio fiscal el departamento de Baja Verapaz se posiciona en el 1er. lugar y Alta Verapaz en el 4to. Lugar del Rankig Nacional de ejecuci\u00f3n.<\/p>\n<p style=\"text-align: justify;\">Estuvieron presentes; Anibal Marroqu\u00edn, Presidente de COREDUR NORTE; Lic. Erik Nolberto Guerrero Milian, Gobernador de Alta Verapaz; Dr. Erick Herrera, Gobernador de Baja Verapaz; Sociedad Civil de Alta y Baja Verapaz Sociedad y Jefes Institucionales.<\/p>\n<\/div>\n<div><\/div>\n<\/div>\n<\/div>\n<\/div>\n<\/div>\n<\/div>\n<\/div>\n<div id=\"js_5ad\" class=\"_5pbx userContent _3576\" data-testid=\"post_message\" data-ft=\"{&quot;tn&quot;:&quot;K&quot;}\"><\/div>\n","protected":false},"excerpt":{"rendered":"<p>En la reuni\u00f3n se socializaron los avances f\u00edsicos y financieros de proyectos de los consejos de desarrollo de Alta y Baja Veraz. Tambi\u00e9n se dio a conocer que durante el presente ejercicio fiscal el departamento de Baja Verapaz se posiciona en el 1er. lugar y Alta Verapaz en el 4to. Lugar del Rankig Nacional de ejecuci\u00f3n.<\/p>\n","protected":false},"author":1,"featured_media":4547,"comment_status":"closed","ping_status":"open","sticky":false,"template":"","format":"gallery","meta":[],"categories":[191,199],"tags":[],"_links":{"self":[{"href":"https:\/\/gobernacionaltaverapaz.gob.gt\/index.php?rest_route=\/wp\/v2\/posts\/4618"}],"collection":[{"href":"https:\/\/gobernacionaltaverapaz.gob.gt\/index.php?rest_route=\/wp\/v2\/posts"}],"about":[{"href":"https:\/\/gobernacionaltaverapaz.gob.gt\/index.php?rest_route=\/wp\/v2\/types\/post"}],"author":[{"embeddable":true,"href":"https:\/\/gobernacionaltaverapaz.gob.gt\/index.php?rest_route=\/wp\/v2\/users\/1"}],"replies":[{"embeddable":true,"href":"https:\/\/gobernacionaltaverapaz.gob.gt\/index.php?rest_route=%2Fwp%2Fv2%2Fcomments&post=4618"}],"version-history":[{"count":1,"href":"https:\/\/gobernacionaltaverapaz.gob.gt\/index.php?rest_route=\/wp\/v2\/posts\/4618\/revisions"}],"predecessor-version":[{"id":4619,"href":"https:\/\/gobernacionaltaverapaz.gob.gt\/index.php?rest_route=\/wp\/v2\/posts\/4618\/revisions\/4619"}],"wp:featuredmedia":[{"embeddable":true,"href":"https:\/\/gobernacionaltaverapaz.gob.gt\/index.php?rest_route=\/wp\/v2\/media\/4547"}],"wp:attachment":[{"href":"https:\/\/gobernacionaltaverapaz.gob.gt\/index.php?rest_route=%2Fwp%2Fv2%2Fmedia&parent=4618"}],"wp:term":[{"taxonomy":"category","embeddable":true,"href":"https:\/\/gobernacionaltaverapaz.gob.gt\/index.php?rest_route=%2Fwp%2Fv2%2Fcategories&post=4618"},{"taxonomy":"post_tag","embeddable":true,"href":"https:\/\/gobernacionaltaverapaz.gob.gt\/index.php?rest_route=%2Fwp%2Fv2%2Ftags&post=4618"}],"curies":[{"name":"wp","href":"https:\/\/api.w.org\/{rel}","templated":true}]}}