{"id":4622,"date":"2018-12-13T12:36:42","date_gmt":"2018-12-13T18:36:42","guid":{"rendered":"http:\/\/gobernacionaltaverapaz.gob.gt\/?p=4622"},"modified":"2019-05-16T14:44:44","modified_gmt":"2019-05-16T20:44:44","slug":"celebracin-de-la-cofrada-virgen-de-concepcin-en-el-municipio-de-san-juan-chamelco","status":"publish","type":"post","link":"https:\/\/gobernacionaltaverapaz.gob.gt\/?p=4622","title":{"rendered":"CELEBRACI\u00d3N DE LA COFRAD\u00cdA VIRGEN DE CONCEPCI\u00d3N EN EL MUNICIPIO DE SAN JUAN CHAMELCO"},"content":{"rendered":"<p style=\"text-align: justify;\">Se llev\u00f3 a cabo la celebraci\u00f3n de la \u201cCofrad\u00eda Virgen de Concepci\u00f3n\u201d; la r\u00e9plica de esta imagen se encuentra dentro del mercado central de dicho municipio.<\/p>\n<p style=\"text-align: justify;\">Los(as) vendedores(as) celebran con mucha devoci\u00f3n este d\u00eda, con la participaci\u00f3n de cofrades, personas particulares de varias comunidades y reinas de belleza.<\/p>\n<p style=\"text-align: justify;\">A la actividad fue invitado el Se\u00f1or Gobernador Departamental, Lic. Erik Guerrero, en la que form\u00f3 parte de la eucarist\u00eda, recorrido y estad\u00eda en la Ermita del Barrio San Juan.<\/p>\n<div><\/div>\n<p>&nbsp;<\/p>\n<p><a href=\"https:\/\/www.facebook.com\/GobernacionAV\/photos\/pcb.721172991598633\/721170918265507\/?type=3&amp;theater\" target=\"_blank\" rel=\"noopener\"><img decoding=\"async\" loading=\"lazy\" class=\"alignnone wp-image-3872\" title=\"Ver galer\u00eda en Facebook\" src=\"http:\/\/gobernacionaltaverapaz.gob.gt\/wp-content\/uploads\/2019\/05\/boton-galeria_fotos-150x150-300x99.jpg\" alt=\"\" width=\"200\" height=\"66\" \/><\/a><\/p>\n","protected":false},"excerpt":{"rendered":"<p>Los(as) vendedores(as) celebran con mucha devoci\u00f3n este d\u00eda, con la participaci\u00f3n de cofrades, personas particulares de varias comunidades y reinas de belleza.<\/p>\n","protected":false},"author":1,"featured_media":4566,"comment_status":"closed","ping_status":"open","sticky":false,"template":"","format":"gallery","meta":[],"categories":[183,199],"tags":[],"_links":{"self":[{"href":"https:\/\/gobernacionaltaverapaz.gob.gt\/index.php?rest_route=\/wp\/v2\/posts\/4622"}],"collection":[{"href":"https:\/\/gobernacionaltaverapaz.gob.gt\/index.php?rest_route=\/wp\/v2\/posts"}],"about":[{"href":"https:\/\/gobernacionaltaverapaz.gob.gt\/index.php?rest_route=\/wp\/v2\/types\/post"}],"author":[{"embeddable":true,"href":"https:\/\/gobernacionaltaverapaz.gob.gt\/index.php?rest_route=\/wp\/v2\/users\/1"}],"replies":[{"embeddable":true,"href":"https:\/\/gobernacionaltaverapaz.gob.gt\/index.php?rest_route=%2Fwp%2Fv2%2Fcomments&post=4622"}],"version-history":[{"count":2,"href":"https:\/\/gobernacionaltaverapaz.gob.gt\/index.php?rest_route=\/wp\/v2\/posts\/4622\/revisions"}],"predecessor-version":[{"id":4624,"href":"https:\/\/gobernacionaltaverapaz.gob.gt\/index.php?rest_route=\/wp\/v2\/posts\/4622\/revisions\/4624"}],"wp:featuredmedia":[{"embeddable":true,"href":"https:\/\/gobernacionaltaverapaz.gob.gt\/index.php?rest_route=\/wp\/v2\/media\/4566"}],"wp:attachment":[{"href":"https:\/\/gobernacionaltaverapaz.gob.gt\/index.php?rest_route=%2Fwp%2Fv2%2Fmedia&parent=4622"}],"wp:term":[{"taxonomy":"category","embeddable":true,"href":"https:\/\/gobernacionaltaverapaz.gob.gt\/index.php?rest_route=%2Fwp%2Fv2%2Fcategories&post=4622"},{"taxonomy":"post_tag","embeddable":true,"href":"https:\/\/gobernacionaltaverapaz.gob.gt\/index.php?rest_route=%2Fwp%2Fv2%2Ftags&post=4622"}],"curies":[{"name":"wp","href":"https:\/\/api.w.org\/{rel}","templated":true}]}}