{"id":4629,"date":"2018-12-12T08:01:54","date_gmt":"2018-12-12T14:01:54","guid":{"rendered":"http:\/\/gobernacionaltaverapaz.gob.gt\/?p=4629"},"modified":"2019-05-16T15:56:30","modified_gmt":"2019-05-16T21:56:30","slug":"reunin-ordinaria-de-la-comisin-departamental-de-seguridad-alimentaria-nutricional-codesan-2","status":"publish","type":"post","link":"https:\/\/gobernacionaltaverapaz.gob.gt\/?p=4629","title":{"rendered":"REUNI\u00d3N ORDINARIA DE LA COMISI\u00d3N DEPARTAMENTAL DE SEGURIDAD ALIMENTARIA Y NUTRICIONAL -CODESAN-"},"content":{"rendered":"<p style=\"text-align: justify;\">Se realiz\u00f3 reuni\u00f3n ordinaria de la \u201cComisi\u00f3n Departamental de Seguridad Alimentaria y Nutricional -CODESAN-\u201c, en la que se presentaron resultados cu\u00e1nticos de las comisiones municipales de seguridad alimentaria y nutricional -COMUSAN- del departamento.<\/p>\n<p style=\"text-align: justify;\">Tambi\u00e9n se abordaron las acciones que la CODESAN desarrollar\u00e1 durante el 2019. Durante la reuni\u00f3n se analiz\u00f3 el contenido del Plan Estrat\u00e9gico 2018-2022 que contiene actividades de participaci\u00f3n de la sociedad civil para operativizar la pol\u00edtica alimentaria.<\/p>\n<p style=\"text-align: justify;\">En la actividad participo el se\u00f1or Gobernador Departamental, Lic. Erik Guerrero y jefes de instituciones del estado del departamento.<\/p>\n<p>&nbsp;<\/p>\n<div><\/div>\n","protected":false},"excerpt":{"rendered":"<p>Durante la reuni\u00f3n se analiz\u00f3 el contenido del Plan Estrat\u00e9gico 2018-2022 que contiene actividades de participaci\u00f3n de la sociedad civil para operativizar la pol\u00edtica alimentaria.<\/p>\n","protected":false},"author":1,"featured_media":4589,"comment_status":"closed","ping_status":"open","sticky":false,"template":"","format":"gallery","meta":[],"categories":[191,199],"tags":[],"_links":{"self":[{"href":"https:\/\/gobernacionaltaverapaz.gob.gt\/index.php?rest_route=\/wp\/v2\/posts\/4629"}],"collection":[{"href":"https:\/\/gobernacionaltaverapaz.gob.gt\/index.php?rest_route=\/wp\/v2\/posts"}],"about":[{"href":"https:\/\/gobernacionaltaverapaz.gob.gt\/index.php?rest_route=\/wp\/v2\/types\/post"}],"author":[{"embeddable":true,"href":"https:\/\/gobernacionaltaverapaz.gob.gt\/index.php?rest_route=\/wp\/v2\/users\/1"}],"replies":[{"embeddable":true,"href":"https:\/\/gobernacionaltaverapaz.gob.gt\/index.php?rest_route=%2Fwp%2Fv2%2Fcomments&post=4629"}],"version-history":[{"count":1,"href":"https:\/\/gobernacionaltaverapaz.gob.gt\/index.php?rest_route=\/wp\/v2\/posts\/4629\/revisions"}],"predecessor-version":[{"id":4630,"href":"https:\/\/gobernacionaltaverapaz.gob.gt\/index.php?rest_route=\/wp\/v2\/posts\/4629\/revisions\/4630"}],"wp:featuredmedia":[{"embeddable":true,"href":"https:\/\/gobernacionaltaverapaz.gob.gt\/index.php?rest_route=\/wp\/v2\/media\/4589"}],"wp:attachment":[{"href":"https:\/\/gobernacionaltaverapaz.gob.gt\/index.php?rest_route=%2Fwp%2Fv2%2Fmedia&parent=4629"}],"wp:term":[{"taxonomy":"category","embeddable":true,"href":"https:\/\/gobernacionaltaverapaz.gob.gt\/index.php?rest_route=%2Fwp%2Fv2%2Fcategories&post=4629"},{"taxonomy":"post_tag","embeddable":true,"href":"https:\/\/gobernacionaltaverapaz.gob.gt\/index.php?rest_route=%2Fwp%2Fv2%2Ftags&post=4629"}],"curies":[{"name":"wp","href":"https:\/\/api.w.org\/{rel}","templated":true}]}}