{"id":4748,"date":"2018-12-10T09:27:44","date_gmt":"2018-12-10T15:27:44","guid":{"rendered":"http:\/\/gobernacionaltaverapaz.gob.gt\/?p=4748"},"modified":"2019-05-17T12:40:51","modified_gmt":"2019-05-17T18:40:51","slug":"entrega-de-polticas-pblicas-de-la-violencia-el-delito-por-parte-de-la-unidad-para-la-prevencin-comunitaria-de-la-violencia-upcv","status":"publish","type":"post","link":"https:\/\/gobernacionaltaverapaz.gob.gt\/?p=4748","title":{"rendered":"ENTREGA DE POL\u00cdTICAS P\u00daBLICAS DE LA VIOLENCIA Y EL DELITO POR PARTE DE LA UNIDAD PARA LA PREVENCI\u00d3N COMUNITARIA DE LA VIOLENCIA -UPCV-"},"content":{"rendered":"<p style=\"text-align: justify;\">La Unidad para la Prevenci\u00f3n Comunitaria de la Violencia -UPCV- del Tercer Vice Ministerio de Prevenci\u00f3n de la Violencia y el Delito del Ministerio de Gobernaci\u00f3n, realiz\u00f3 la entrega de 3 \u201cPol\u00edticas Publicas de la Violencia y el Delito\u201d en el que participaron los municipios de: Tamah\u00fa, Tactic y Senah\u00fa del departamento de Alta Verapaz.<\/p>\n<p style=\"text-align: justify;\">En la actividad particip\u00f3 el Lic. Erik Nolberto Guerrero Milian, Gobernador; M.A. Jefry Moran, Coordinar General de la UPCV; Lic. Jos\u00e9 Bernardo Juarez, Jefe de Coordinaci\u00f3n Comunitaria; Lic. Jos\u00e9 Ricardo Arias, Delegado Departamental de UPCV; Lic. Moises Soto de Le\u00f3n, Comisario de PNC.<\/p>\n<p>&nbsp;<\/p>\n<div><\/div>\n","protected":false},"excerpt":{"rendered":"<p>En el que participaron los municipios de: Tamah\u00fa, Tactic y Senah\u00fa del departamento de Alta Verapaz.<\/p>\n","protected":false},"author":1,"featured_media":4640,"comment_status":"closed","ping_status":"open","sticky":false,"template":"","format":"gallery","meta":[],"categories":[191,199],"tags":[],"_links":{"self":[{"href":"https:\/\/gobernacionaltaverapaz.gob.gt\/index.php?rest_route=\/wp\/v2\/posts\/4748"}],"collection":[{"href":"https:\/\/gobernacionaltaverapaz.gob.gt\/index.php?rest_route=\/wp\/v2\/posts"}],"about":[{"href":"https:\/\/gobernacionaltaverapaz.gob.gt\/index.php?rest_route=\/wp\/v2\/types\/post"}],"author":[{"embeddable":true,"href":"https:\/\/gobernacionaltaverapaz.gob.gt\/index.php?rest_route=\/wp\/v2\/users\/1"}],"replies":[{"embeddable":true,"href":"https:\/\/gobernacionaltaverapaz.gob.gt\/index.php?rest_route=%2Fwp%2Fv2%2Fcomments&post=4748"}],"version-history":[{"count":2,"href":"https:\/\/gobernacionaltaverapaz.gob.gt\/index.php?rest_route=\/wp\/v2\/posts\/4748\/revisions"}],"predecessor-version":[{"id":4751,"href":"https:\/\/gobernacionaltaverapaz.gob.gt\/index.php?rest_route=\/wp\/v2\/posts\/4748\/revisions\/4751"}],"wp:featuredmedia":[{"embeddable":true,"href":"https:\/\/gobernacionaltaverapaz.gob.gt\/index.php?rest_route=\/wp\/v2\/media\/4640"}],"wp:attachment":[{"href":"https:\/\/gobernacionaltaverapaz.gob.gt\/index.php?rest_route=%2Fwp%2Fv2%2Fmedia&parent=4748"}],"wp:term":[{"taxonomy":"category","embeddable":true,"href":"https:\/\/gobernacionaltaverapaz.gob.gt\/index.php?rest_route=%2Fwp%2Fv2%2Fcategories&post=4748"},{"taxonomy":"post_tag","embeddable":true,"href":"https:\/\/gobernacionaltaverapaz.gob.gt\/index.php?rest_route=%2Fwp%2Fv2%2Ftags&post=4748"}],"curies":[{"name":"wp","href":"https:\/\/api.w.org\/{rel}","templated":true}]}}