{"id":4752,"date":"2018-12-07T17:18:57","date_gmt":"2018-12-07T23:18:57","guid":{"rendered":"http:\/\/gobernacionaltaverapaz.gob.gt\/?p=4752"},"modified":"2019-05-17T12:44:27","modified_gmt":"2019-05-17T18:44:27","slug":"asamblea-ordinaria-del-consejo-departamental-de-desarrollo-de-alta-verapaz-codedeav","status":"publish","type":"post","link":"https:\/\/gobernacionaltaverapaz.gob.gt\/?p=4752","title":{"rendered":"ASAMBLEA ORDINARIA DEL CONSEJO DEPARTAMENTAL DE DESARROLLO DE ALTA VERAPAZ -CODEDEAV-"},"content":{"rendered":"<p style=\"text-align: justify;\">Asamblea ordinaria del Consejo Departamental de Desarrollo de Alta Verapaz -CODEDEAV- . El ente colegiado realiz\u00f3 reuni\u00f3n ordinaria en donde se llegaron a acuerdos, como: la conformaci\u00f3n de la mesa t\u00e9cnica para el seguimiento del proyecto del Hospital de Cob\u00e1n y la supervisi\u00f3n de avances f\u00edsicos y financieros de a\u00f1os anteriores en el sistema nacional de inversi\u00f3n p\u00fablica.<\/p>\n<p style=\"text-align: justify;\">En la actividad particip\u00f3 el Lic. Erik Guerrero, Gobernador Departamental, Diputado al Congreso Rudy Pereira, representantes de Instituciones Gubernamentales y el bloque de Sociedad Civil.<\/p>\n<p>&nbsp;<\/p>\n<div><\/div>\n","protected":false},"excerpt":{"rendered":"<p>Donde se llegaron a acuerdos, como: la conformaci\u00f3n de la mesa t\u00e9cnica para el seguimiento del proyecto del Hospital de Cob\u00e1n y la supervisi\u00f3n de avances f\u00edsicos y financieros de a\u00f1os anteriores en el sistema nacional de inversi\u00f3n p\u00fablica.<\/p>\n","protected":false},"author":1,"featured_media":4650,"comment_status":"closed","ping_status":"open","sticky":false,"template":"","format":"gallery","meta":[],"categories":[191,199],"tags":[],"_links":{"self":[{"href":"https:\/\/gobernacionaltaverapaz.gob.gt\/index.php?rest_route=\/wp\/v2\/posts\/4752"}],"collection":[{"href":"https:\/\/gobernacionaltaverapaz.gob.gt\/index.php?rest_route=\/wp\/v2\/posts"}],"about":[{"href":"https:\/\/gobernacionaltaverapaz.gob.gt\/index.php?rest_route=\/wp\/v2\/types\/post"}],"author":[{"embeddable":true,"href":"https:\/\/gobernacionaltaverapaz.gob.gt\/index.php?rest_route=\/wp\/v2\/users\/1"}],"replies":[{"embeddable":true,"href":"https:\/\/gobernacionaltaverapaz.gob.gt\/index.php?rest_route=%2Fwp%2Fv2%2Fcomments&post=4752"}],"version-history":[{"count":1,"href":"https:\/\/gobernacionaltaverapaz.gob.gt\/index.php?rest_route=\/wp\/v2\/posts\/4752\/revisions"}],"predecessor-version":[{"id":4753,"href":"https:\/\/gobernacionaltaverapaz.gob.gt\/index.php?rest_route=\/wp\/v2\/posts\/4752\/revisions\/4753"}],"wp:featuredmedia":[{"embeddable":true,"href":"https:\/\/gobernacionaltaverapaz.gob.gt\/index.php?rest_route=\/wp\/v2\/media\/4650"}],"wp:attachment":[{"href":"https:\/\/gobernacionaltaverapaz.gob.gt\/index.php?rest_route=%2Fwp%2Fv2%2Fmedia&parent=4752"}],"wp:term":[{"taxonomy":"category","embeddable":true,"href":"https:\/\/gobernacionaltaverapaz.gob.gt\/index.php?rest_route=%2Fwp%2Fv2%2Fcategories&post=4752"},{"taxonomy":"post_tag","embeddable":true,"href":"https:\/\/gobernacionaltaverapaz.gob.gt\/index.php?rest_route=%2Fwp%2Fv2%2Ftags&post=4752"}],"curies":[{"name":"wp","href":"https:\/\/api.w.org\/{rel}","templated":true}]}}