{"id":4754,"date":"2018-12-07T12:07:48","date_gmt":"2018-12-07T18:07:48","guid":{"rendered":"http:\/\/gobernacionaltaverapaz.gob.gt\/?p=4754"},"modified":"2019-05-17T12:49:56","modified_gmt":"2019-05-17T18:49:56","slug":"celebracin-del-da-internacional-de-las-personas-con-discapacidad","status":"publish","type":"post","link":"https:\/\/gobernacionaltaverapaz.gob.gt\/?p=4754","title":{"rendered":"CELEBRACI\u00d3N DEL D\u00cdA INTERNACIONAL DE LAS PERSONAS CON DISCAPACIDAD"},"content":{"rendered":"<p style=\"text-align: justify;\">Se celebro el \u201cD\u00eda Internacional de las Personas con Discapacidad\u201d, con una caminata y actos protocolarios en el parque central \u201cLa Paz\u201d de este municipio.<\/p>\n<p style=\"text-align: justify;\">En la actividad participaron: Organizaciones de Personas con Discapacidad, Instituciones del Estado y el se\u00f1or Gobernador Departamental, Lic. Erik Nolberto Guerrero Milian, quien manifest\u00f3: \u201cParticipar en estas actividades es una obligaci\u00f3n del funcionario p\u00fablico, as\u00ed mismo; el acompa\u00f1amiento que se le ha brindado a estas personas desde un enfoque de gesti\u00f3n. A este grupo poblacional se les habilit\u00f3 un espacio a trav\u00e9s de CONADI dentro del palacio y mantenemos la premisa de trabajo de un Gobierno Abierto para todos los sectores de la poblaci\u00f3n\u201d.<\/p>\n<p>&nbsp;<\/p>\n<div><\/div>\n","protected":false},"excerpt":{"rendered":"<p>Se hizo una caminata y actos protocolarios en el parque central \u201cLa Paz\u201d del municipio de Cob\u00e1n.<\/p>\n","protected":false},"author":1,"featured_media":4655,"comment_status":"closed","ping_status":"open","sticky":false,"template":"","format":"gallery","meta":[],"categories":[183,199,194],"tags":[],"_links":{"self":[{"href":"https:\/\/gobernacionaltaverapaz.gob.gt\/index.php?rest_route=\/wp\/v2\/posts\/4754"}],"collection":[{"href":"https:\/\/gobernacionaltaverapaz.gob.gt\/index.php?rest_route=\/wp\/v2\/posts"}],"about":[{"href":"https:\/\/gobernacionaltaverapaz.gob.gt\/index.php?rest_route=\/wp\/v2\/types\/post"}],"author":[{"embeddable":true,"href":"https:\/\/gobernacionaltaverapaz.gob.gt\/index.php?rest_route=\/wp\/v2\/users\/1"}],"replies":[{"embeddable":true,"href":"https:\/\/gobernacionaltaverapaz.gob.gt\/index.php?rest_route=%2Fwp%2Fv2%2Fcomments&post=4754"}],"version-history":[{"count":1,"href":"https:\/\/gobernacionaltaverapaz.gob.gt\/index.php?rest_route=\/wp\/v2\/posts\/4754\/revisions"}],"predecessor-version":[{"id":4755,"href":"https:\/\/gobernacionaltaverapaz.gob.gt\/index.php?rest_route=\/wp\/v2\/posts\/4754\/revisions\/4755"}],"wp:featuredmedia":[{"embeddable":true,"href":"https:\/\/gobernacionaltaverapaz.gob.gt\/index.php?rest_route=\/wp\/v2\/media\/4655"}],"wp:attachment":[{"href":"https:\/\/gobernacionaltaverapaz.gob.gt\/index.php?rest_route=%2Fwp%2Fv2%2Fmedia&parent=4754"}],"wp:term":[{"taxonomy":"category","embeddable":true,"href":"https:\/\/gobernacionaltaverapaz.gob.gt\/index.php?rest_route=%2Fwp%2Fv2%2Fcategories&post=4754"},{"taxonomy":"post_tag","embeddable":true,"href":"https:\/\/gobernacionaltaverapaz.gob.gt\/index.php?rest_route=%2Fwp%2Fv2%2Ftags&post=4754"}],"curies":[{"name":"wp","href":"https:\/\/api.w.org\/{rel}","templated":true}]}}