{"id":4756,"date":"2018-12-07T08:20:58","date_gmt":"2018-12-07T14:20:58","guid":{"rendered":"http:\/\/gobernacionaltaverapaz.gob.gt\/?p=4756"},"modified":"2019-05-17T12:55:34","modified_gmt":"2019-05-17T18:55:34","slug":"celebracin-por-el-da-del-periodista","status":"publish","type":"post","link":"https:\/\/gobernacionaltaverapaz.gob.gt\/?p=4756","title":{"rendered":"CELEBRACI\u00d3N POR EL D\u00cdA DEL PERIODISTA"},"content":{"rendered":"<p style=\"text-align: justify;\">Gobernaci\u00f3n de Alta Verapaz, comparti\u00f3 con medios de comunicaci\u00f3n para celebrar el d\u00eda del \u201cPeriodista\u201d.<\/p>\n<p style=\"text-align: justify;\">Distintos medios de comunicaci\u00f3n se hicieron presentes para compartir con el Lic. Erik Nolberto Guerrero Milian, Gobernador Departamental; quien inst\u00f3 a seguir cumpliendo la funci\u00f3n de informar con objetividad y profesionalismo.<\/p>\n<p>&nbsp;<\/p>\n<div><\/div>\n","protected":false},"excerpt":{"rendered":"<p>Distintos medios de comunicaci\u00f3n se hicieron presentes para compartir con el se\u00f1or Gobernador; quien inst\u00f3 a seguir cumpliendo la funci\u00f3n de informar con objetividad y profesionalismo.<\/p>\n","protected":false},"author":1,"featured_media":4663,"comment_status":"closed","ping_status":"open","sticky":false,"template":"","format":"gallery","meta":[],"categories":[183,199],"tags":[],"_links":{"self":[{"href":"https:\/\/gobernacionaltaverapaz.gob.gt\/index.php?rest_route=\/wp\/v2\/posts\/4756"}],"collection":[{"href":"https:\/\/gobernacionaltaverapaz.gob.gt\/index.php?rest_route=\/wp\/v2\/posts"}],"about":[{"href":"https:\/\/gobernacionaltaverapaz.gob.gt\/index.php?rest_route=\/wp\/v2\/types\/post"}],"author":[{"embeddable":true,"href":"https:\/\/gobernacionaltaverapaz.gob.gt\/index.php?rest_route=\/wp\/v2\/users\/1"}],"replies":[{"embeddable":true,"href":"https:\/\/gobernacionaltaverapaz.gob.gt\/index.php?rest_route=%2Fwp%2Fv2%2Fcomments&post=4756"}],"version-history":[{"count":1,"href":"https:\/\/gobernacionaltaverapaz.gob.gt\/index.php?rest_route=\/wp\/v2\/posts\/4756\/revisions"}],"predecessor-version":[{"id":4757,"href":"https:\/\/gobernacionaltaverapaz.gob.gt\/index.php?rest_route=\/wp\/v2\/posts\/4756\/revisions\/4757"}],"wp:featuredmedia":[{"embeddable":true,"href":"https:\/\/gobernacionaltaverapaz.gob.gt\/index.php?rest_route=\/wp\/v2\/media\/4663"}],"wp:attachment":[{"href":"https:\/\/gobernacionaltaverapaz.gob.gt\/index.php?rest_route=%2Fwp%2Fv2%2Fmedia&parent=4756"}],"wp:term":[{"taxonomy":"category","embeddable":true,"href":"https:\/\/gobernacionaltaverapaz.gob.gt\/index.php?rest_route=%2Fwp%2Fv2%2Fcategories&post=4756"},{"taxonomy":"post_tag","embeddable":true,"href":"https:\/\/gobernacionaltaverapaz.gob.gt\/index.php?rest_route=%2Fwp%2Fv2%2Ftags&post=4756"}],"curies":[{"name":"wp","href":"https:\/\/api.w.org\/{rel}","templated":true}]}}