{"id":4758,"date":"2018-12-06T16:57:29","date_gmt":"2018-12-06T22:57:29","guid":{"rendered":"http:\/\/gobernacionaltaverapaz.gob.gt\/?p=4758"},"modified":"2019-05-17T13:04:22","modified_gmt":"2019-05-17T19:04:22","slug":"socializacin-de-la-agenda-poltica-de-la-paz-20172026","status":"publish","type":"post","link":"https:\/\/gobernacionaltaverapaz.gob.gt\/?p=4758","title":{"rendered":"SOCIALIZACI\u00d3N DE LA AGENDA POL\u00cdTICA DE LA PAZ 2017-2026"},"content":{"rendered":"<p style=\"text-align: justify;\">En el Palacio de Gobernaci\u00f3n, se socializ\u00f3 la agenda pol\u00edtica de la Paz 2017 &#8211; 2026 en donde participaron J\u00f3venes de Alta y Baja Verapaz.<\/p>\n<p style=\"text-align: justify;\">La agenda persigue identificar a j\u00f3venes l\u00edderes de los municipios como: \u201cJ\u00f3venes Promotores de la Paz\u201d.<\/p>\n<p style=\"text-align: justify;\">En la actividad participaron; SEPAZ, CONJUVE, Representante de OMJ, CODISRA, CONADI e Instituciones Juveniles.<\/p>\n<div><\/div>\n<p>&nbsp;<\/p>\n<p><a href=\"https:\/\/www.facebook.com\/GobernacionAV\/photos\/pcb.717652295284036\/717651345284131\/?type=3&amp;theater\" target=\"_blank\" rel=\"noopener\"><img decoding=\"async\" loading=\"lazy\" class=\"alignnone wp-image-3872\" title=\"Ver galer\u00eda en Facebook\" src=\"http:\/\/gobernacionaltaverapaz.gob.gt\/wp-content\/uploads\/2019\/05\/boton-galeria_fotos-150x150-300x99.jpg\" alt=\"\" width=\"200\" height=\"66\" \/><\/a><\/p>\n","protected":false},"excerpt":{"rendered":"<p>La agenda persigue identificar a j\u00f3venes l\u00edderes de los municipios como: \u201cJ\u00f3venes Promotores de la Paz\u201d.<\/p>\n","protected":false},"author":1,"featured_media":4670,"comment_status":"closed","ping_status":"open","sticky":false,"template":"","format":"gallery","meta":[],"categories":[191,199],"tags":[],"_links":{"self":[{"href":"https:\/\/gobernacionaltaverapaz.gob.gt\/index.php?rest_route=\/wp\/v2\/posts\/4758"}],"collection":[{"href":"https:\/\/gobernacionaltaverapaz.gob.gt\/index.php?rest_route=\/wp\/v2\/posts"}],"about":[{"href":"https:\/\/gobernacionaltaverapaz.gob.gt\/index.php?rest_route=\/wp\/v2\/types\/post"}],"author":[{"embeddable":true,"href":"https:\/\/gobernacionaltaverapaz.gob.gt\/index.php?rest_route=\/wp\/v2\/users\/1"}],"replies":[{"embeddable":true,"href":"https:\/\/gobernacionaltaverapaz.gob.gt\/index.php?rest_route=%2Fwp%2Fv2%2Fcomments&post=4758"}],"version-history":[{"count":1,"href":"https:\/\/gobernacionaltaverapaz.gob.gt\/index.php?rest_route=\/wp\/v2\/posts\/4758\/revisions"}],"predecessor-version":[{"id":4759,"href":"https:\/\/gobernacionaltaverapaz.gob.gt\/index.php?rest_route=\/wp\/v2\/posts\/4758\/revisions\/4759"}],"wp:featuredmedia":[{"embeddable":true,"href":"https:\/\/gobernacionaltaverapaz.gob.gt\/index.php?rest_route=\/wp\/v2\/media\/4670"}],"wp:attachment":[{"href":"https:\/\/gobernacionaltaverapaz.gob.gt\/index.php?rest_route=%2Fwp%2Fv2%2Fmedia&parent=4758"}],"wp:term":[{"taxonomy":"category","embeddable":true,"href":"https:\/\/gobernacionaltaverapaz.gob.gt\/index.php?rest_route=%2Fwp%2Fv2%2Fcategories&post=4758"},{"taxonomy":"post_tag","embeddable":true,"href":"https:\/\/gobernacionaltaverapaz.gob.gt\/index.php?rest_route=%2Fwp%2Fv2%2Ftags&post=4758"}],"curies":[{"name":"wp","href":"https:\/\/api.w.org\/{rel}","templated":true}]}}