{"id":4760,"date":"2018-12-05T09:50:09","date_gmt":"2018-12-05T15:50:09","guid":{"rendered":"http:\/\/gobernacionaltaverapaz.gob.gt\/?p=4760"},"modified":"2019-05-17T14:43:54","modified_gmt":"2019-05-17T20:43:54","slug":"inauguracin-de-saln-de-reuniones-de-la-comisara-51-de-polica-nacional-civil-pnc","status":"publish","type":"post","link":"https:\/\/gobernacionaltaverapaz.gob.gt\/?p=4760","title":{"rendered":"INAUGURACI\u00d3N DE SAL\u00d3N DE REUNIONES DE LA COMISAR\u00cdA 51 DE POLIC\u00cdA NACIONAL CIVIL -PNC-"},"content":{"rendered":"<p style=\"text-align: justify;\">La Comisar\u00eda 51 de Polic\u00eda Nacional Civil -PNC- del municipio de Cob\u00e1n inaugur\u00f3 su Sal\u00f3n de Reuniones, el cual fue remozado y equipado con mobiliario y otros enseres por parte de la Embajada de Estados Unidos en Guatemala a trav\u00e9s de RTI INTERNACIONAL.<\/p>\n<p style=\"text-align: justify;\">Dicho espacio ayudar\u00e1 a los elementos de las distintas secciones policiales, a coordinar de mejor manera en un espacio id\u00f3neo las actividades de seguridad p\u00fablica y ciudadana.<\/p>\n<p style=\"text-align: justify;\">El Lic. Erik Guerrero en su intervenci\u00f3n, agradeci\u00f3 a los donantes extranjeros, as\u00ed mismo reiter\u00f3 la loable labor que realiza la Polic\u00eda Nacional Civil en el Departamento de Alta Verapaz, para finalizar inst\u00f3 a los elementos a seguir fortaleciendo sus conocimientos t\u00e9cnicos para contribuir a mejorar las estrategias que se implementan en cada uno de los municipios.<\/p>\n<p>&nbsp;<\/p>\n<div><\/div>\n","protected":false},"excerpt":{"rendered":"<p>Dicho espacio ayudar\u00e1 a los elementos de las distintas secciones policiales, a coordinar de mejor manera en un espacio id\u00f3neo las actividades de seguridad p\u00fablica y ciudadana.<\/p>\n","protected":false},"author":1,"featured_media":4674,"comment_status":"closed","ping_status":"open","sticky":false,"template":"","format":"gallery","meta":[],"categories":[183,195,199],"tags":[],"_links":{"self":[{"href":"https:\/\/gobernacionaltaverapaz.gob.gt\/index.php?rest_route=\/wp\/v2\/posts\/4760"}],"collection":[{"href":"https:\/\/gobernacionaltaverapaz.gob.gt\/index.php?rest_route=\/wp\/v2\/posts"}],"about":[{"href":"https:\/\/gobernacionaltaverapaz.gob.gt\/index.php?rest_route=\/wp\/v2\/types\/post"}],"author":[{"embeddable":true,"href":"https:\/\/gobernacionaltaverapaz.gob.gt\/index.php?rest_route=\/wp\/v2\/users\/1"}],"replies":[{"embeddable":true,"href":"https:\/\/gobernacionaltaverapaz.gob.gt\/index.php?rest_route=%2Fwp%2Fv2%2Fcomments&post=4760"}],"version-history":[{"count":1,"href":"https:\/\/gobernacionaltaverapaz.gob.gt\/index.php?rest_route=\/wp\/v2\/posts\/4760\/revisions"}],"predecessor-version":[{"id":4761,"href":"https:\/\/gobernacionaltaverapaz.gob.gt\/index.php?rest_route=\/wp\/v2\/posts\/4760\/revisions\/4761"}],"wp:featuredmedia":[{"embeddable":true,"href":"https:\/\/gobernacionaltaverapaz.gob.gt\/index.php?rest_route=\/wp\/v2\/media\/4674"}],"wp:attachment":[{"href":"https:\/\/gobernacionaltaverapaz.gob.gt\/index.php?rest_route=%2Fwp%2Fv2%2Fmedia&parent=4760"}],"wp:term":[{"taxonomy":"category","embeddable":true,"href":"https:\/\/gobernacionaltaverapaz.gob.gt\/index.php?rest_route=%2Fwp%2Fv2%2Fcategories&post=4760"},{"taxonomy":"post_tag","embeddable":true,"href":"https:\/\/gobernacionaltaverapaz.gob.gt\/index.php?rest_route=%2Fwp%2Fv2%2Ftags&post=4760"}],"curies":[{"name":"wp","href":"https:\/\/api.w.org\/{rel}","templated":true}]}}