{"id":4762,"date":"2018-12-04T14:03:11","date_gmt":"2018-12-04T20:03:11","guid":{"rendered":"http:\/\/gobernacionaltaverapaz.gob.gt\/?p=4762"},"modified":"2019-05-17T14:53:42","modified_gmt":"2019-05-17T20:53:42","slug":"encuentro-de-comisiones-municipales-de-prevencin-de-la-violencia-el-delito-en-el-municipio-de-san-pedro-carch","status":"publish","type":"post","link":"https:\/\/gobernacionaltaverapaz.gob.gt\/?p=4762","title":{"rendered":"ENCUENTRO DE COMISIONES MUNICIPALES DE PREVENCI\u00d3N DE LA VIOLENCIA Y EL DELITO EN EL MUNICIPIO DE SAN PEDRO CARCH\u00c1"},"content":{"rendered":"<p style=\"text-align: justify;\">Encuentro de comisiones municipales de prevenci\u00f3n de la violencia y el delito, en el que participaron los municipios de Chahal, Chamelco, San Crist\u00f3bal Verapaz, Senah\u00fa, La Tinta, Tactic y Raxruh\u00e1.<\/p>\n<p style=\"text-align: justify;\">En la actividad particip\u00f3 el Se\u00f1or Gobernador, Lic. Erik Nolberto Guerrero, dicha actividad se coordin\u00f3 a trav\u00e9s de FOSIT &#8211; GIZ y UPCV.<\/p>\n<p>&nbsp;<\/p>\n<div><\/div>\n","protected":false},"excerpt":{"rendered":"<p>En el que participaron los municipios de Chahal, Chamelco, San Crist\u00f3bal Verapaz, Senah\u00fa, La Tinta, Tactic y Raxruh\u00e1.<\/p>\n","protected":false},"author":1,"featured_media":4685,"comment_status":"closed","ping_status":"open","sticky":false,"template":"","format":"gallery","meta":[],"categories":[191,199],"tags":[],"_links":{"self":[{"href":"https:\/\/gobernacionaltaverapaz.gob.gt\/index.php?rest_route=\/wp\/v2\/posts\/4762"}],"collection":[{"href":"https:\/\/gobernacionaltaverapaz.gob.gt\/index.php?rest_route=\/wp\/v2\/posts"}],"about":[{"href":"https:\/\/gobernacionaltaverapaz.gob.gt\/index.php?rest_route=\/wp\/v2\/types\/post"}],"author":[{"embeddable":true,"href":"https:\/\/gobernacionaltaverapaz.gob.gt\/index.php?rest_route=\/wp\/v2\/users\/1"}],"replies":[{"embeddable":true,"href":"https:\/\/gobernacionaltaverapaz.gob.gt\/index.php?rest_route=%2Fwp%2Fv2%2Fcomments&post=4762"}],"version-history":[{"count":1,"href":"https:\/\/gobernacionaltaverapaz.gob.gt\/index.php?rest_route=\/wp\/v2\/posts\/4762\/revisions"}],"predecessor-version":[{"id":4763,"href":"https:\/\/gobernacionaltaverapaz.gob.gt\/index.php?rest_route=\/wp\/v2\/posts\/4762\/revisions\/4763"}],"wp:featuredmedia":[{"embeddable":true,"href":"https:\/\/gobernacionaltaverapaz.gob.gt\/index.php?rest_route=\/wp\/v2\/media\/4685"}],"wp:attachment":[{"href":"https:\/\/gobernacionaltaverapaz.gob.gt\/index.php?rest_route=%2Fwp%2Fv2%2Fmedia&parent=4762"}],"wp:term":[{"taxonomy":"category","embeddable":true,"href":"https:\/\/gobernacionaltaverapaz.gob.gt\/index.php?rest_route=%2Fwp%2Fv2%2Fcategories&post=4762"},{"taxonomy":"post_tag","embeddable":true,"href":"https:\/\/gobernacionaltaverapaz.gob.gt\/index.php?rest_route=%2Fwp%2Fv2%2Ftags&post=4762"}],"curies":[{"name":"wp","href":"https:\/\/api.w.org\/{rel}","templated":true}]}}