{"id":4764,"date":"2018-11-29T08:40:48","date_gmt":"2018-11-29T14:40:48","guid":{"rendered":"http:\/\/gobernacionaltaverapaz.gob.gt\/?p=4764"},"modified":"2019-05-17T15:00:04","modified_gmt":"2019-05-17T21:00:04","slug":"conmemoracin-al-da-internacional-de-la-violencia-de-gnero-en-el-municipio-de-chisec","status":"publish","type":"post","link":"https:\/\/gobernacionaltaverapaz.gob.gt\/?p=4764","title":{"rendered":"CONMEMORACI\u00d3N AL D\u00cdA INTERNACIONAL DE LA NO VIOLENCIA DE G\u00c9NERO EN EL MUNICIPIO DE CHISEC"},"content":{"rendered":"<p style=\"text-align: justify;\">Se realiz\u00f3 caminata y conversatorio en conmemoraci\u00f3n al \u201cD\u00eda Internacional de la NO violencia de g\u00e9nero\u201d, en el municipio de Chisec.<\/p>\n<p style=\"text-align: justify;\">En la actividad participaron mujeres de diferentes sectores de este municipio, en el que expusieron acerca de los \u00faltimos acontecimientos que se viven en el municipio, con el fin de coordinar y mejorar la comunicaci\u00f3n con las instituciones.<\/p>\n<p style=\"text-align: justify;\">En la actividad particip\u00f3 el Lic. Erik Nolberto Guerrero Milian, Gobernador Departamental, Alcalde Municipal, PNC, SOSEP, DEMI, Representante de Pueblos Ind\u00edgena, Comisi\u00f3n Departamental de la Mujer y el MDPAS.<\/p>\n<p>&nbsp;<\/p>\n<div><\/div>\n","protected":false},"excerpt":{"rendered":"<p>En la actividad participaron mujeres de diferentes sectores de este municipio, en el que expusieron acerca de los \u00faltimos acontecimientos que se viven en el municipio, con el fin de coordinar y mejorar la comunicaci\u00f3n con las instituciones.<\/p>\n","protected":false},"author":1,"featured_media":4690,"comment_status":"closed","ping_status":"open","sticky":false,"template":"","format":"gallery","meta":[],"categories":[183,199,194],"tags":[],"_links":{"self":[{"href":"https:\/\/gobernacionaltaverapaz.gob.gt\/index.php?rest_route=\/wp\/v2\/posts\/4764"}],"collection":[{"href":"https:\/\/gobernacionaltaverapaz.gob.gt\/index.php?rest_route=\/wp\/v2\/posts"}],"about":[{"href":"https:\/\/gobernacionaltaverapaz.gob.gt\/index.php?rest_route=\/wp\/v2\/types\/post"}],"author":[{"embeddable":true,"href":"https:\/\/gobernacionaltaverapaz.gob.gt\/index.php?rest_route=\/wp\/v2\/users\/1"}],"replies":[{"embeddable":true,"href":"https:\/\/gobernacionaltaverapaz.gob.gt\/index.php?rest_route=%2Fwp%2Fv2%2Fcomments&post=4764"}],"version-history":[{"count":1,"href":"https:\/\/gobernacionaltaverapaz.gob.gt\/index.php?rest_route=\/wp\/v2\/posts\/4764\/revisions"}],"predecessor-version":[{"id":4765,"href":"https:\/\/gobernacionaltaverapaz.gob.gt\/index.php?rest_route=\/wp\/v2\/posts\/4764\/revisions\/4765"}],"wp:featuredmedia":[{"embeddable":true,"href":"https:\/\/gobernacionaltaverapaz.gob.gt\/index.php?rest_route=\/wp\/v2\/media\/4690"}],"wp:attachment":[{"href":"https:\/\/gobernacionaltaverapaz.gob.gt\/index.php?rest_route=%2Fwp%2Fv2%2Fmedia&parent=4764"}],"wp:term":[{"taxonomy":"category","embeddable":true,"href":"https:\/\/gobernacionaltaverapaz.gob.gt\/index.php?rest_route=%2Fwp%2Fv2%2Fcategories&post=4764"},{"taxonomy":"post_tag","embeddable":true,"href":"https:\/\/gobernacionaltaverapaz.gob.gt\/index.php?rest_route=%2Fwp%2Fv2%2Ftags&post=4764"}],"curies":[{"name":"wp","href":"https:\/\/api.w.org\/{rel}","templated":true}]}}