{"id":4768,"date":"2018-11-26T16:59:44","date_gmt":"2018-11-26T22:59:44","guid":{"rendered":"http:\/\/gobernacionaltaverapaz.gob.gt\/?p=4768"},"modified":"2019-05-17T15:13:08","modified_gmt":"2019-05-17T21:13:08","slug":"celebracin-por-el-quinto-aniversario-del-programa-mis-aos-dorados-del-municipio-de-san-juan-chamelco","status":"publish","type":"post","link":"https:\/\/gobernacionaltaverapaz.gob.gt\/?p=4768","title":{"rendered":"CELEBRACI\u00d3N POR EL QUINTO ANIVERSARIO DEL PROGRAMA &#8220;MIS A\u00d1OS DORADOS&#8221; DEL MUNICIPIO DE SAN JUAN CHAMELCO"},"content":{"rendered":"<p style=\"text-align: justify;\">Se realiz\u00f3 la celebraci\u00f3n por los 5 a\u00f1os del programa \u201cMis A\u00f1os Dorados\u201d, en la cual se cont\u00f3 con la participaci\u00f3n del se\u00f1or Gobernador Departamental, Lic. Erik Nolberto Guerrero Milian y personas que han aportado a esta instituci\u00f3n que alberga a varias personas de la tercera edad del municipio.<\/p>\n<p>&nbsp;<\/p>\n<div><\/div>\n","protected":false},"excerpt":{"rendered":"<p>En la cual se cont\u00f3 con la participaci\u00f3n del se\u00f1or Gobernador y personas que han aportado a esta instituci\u00f3n que alberga a varias personas de la tercera edad del municipio.<\/p>\n","protected":false},"author":1,"featured_media":4703,"comment_status":"closed","ping_status":"open","sticky":false,"template":"","format":"gallery","meta":[],"categories":[183,199],"tags":[],"_links":{"self":[{"href":"https:\/\/gobernacionaltaverapaz.gob.gt\/index.php?rest_route=\/wp\/v2\/posts\/4768"}],"collection":[{"href":"https:\/\/gobernacionaltaverapaz.gob.gt\/index.php?rest_route=\/wp\/v2\/posts"}],"about":[{"href":"https:\/\/gobernacionaltaverapaz.gob.gt\/index.php?rest_route=\/wp\/v2\/types\/post"}],"author":[{"embeddable":true,"href":"https:\/\/gobernacionaltaverapaz.gob.gt\/index.php?rest_route=\/wp\/v2\/users\/1"}],"replies":[{"embeddable":true,"href":"https:\/\/gobernacionaltaverapaz.gob.gt\/index.php?rest_route=%2Fwp%2Fv2%2Fcomments&post=4768"}],"version-history":[{"count":1,"href":"https:\/\/gobernacionaltaverapaz.gob.gt\/index.php?rest_route=\/wp\/v2\/posts\/4768\/revisions"}],"predecessor-version":[{"id":4769,"href":"https:\/\/gobernacionaltaverapaz.gob.gt\/index.php?rest_route=\/wp\/v2\/posts\/4768\/revisions\/4769"}],"wp:featuredmedia":[{"embeddable":true,"href":"https:\/\/gobernacionaltaverapaz.gob.gt\/index.php?rest_route=\/wp\/v2\/media\/4703"}],"wp:attachment":[{"href":"https:\/\/gobernacionaltaverapaz.gob.gt\/index.php?rest_route=%2Fwp%2Fv2%2Fmedia&parent=4768"}],"wp:term":[{"taxonomy":"category","embeddable":true,"href":"https:\/\/gobernacionaltaverapaz.gob.gt\/index.php?rest_route=%2Fwp%2Fv2%2Fcategories&post=4768"},{"taxonomy":"post_tag","embeddable":true,"href":"https:\/\/gobernacionaltaverapaz.gob.gt\/index.php?rest_route=%2Fwp%2Fv2%2Ftags&post=4768"}],"curies":[{"name":"wp","href":"https:\/\/api.w.org\/{rel}","templated":true}]}}