{"id":4774,"date":"2018-11-22T11:42:17","date_gmt":"2018-11-22T17:42:17","guid":{"rendered":"http:\/\/gobernacionaltaverapaz.gob.gt\/?p=4774"},"modified":"2019-05-17T15:26:46","modified_gmt":"2019-05-17T21:26:46","slug":"desfile-inaugural-de-la-feria-del-municipio-de-santa-catalina-la-tinta","status":"publish","type":"post","link":"https:\/\/gobernacionaltaverapaz.gob.gt\/?p=4774","title":{"rendered":"DESFILE INAUGURAL DE LA FERIA DEL MUNICIPIO DE SANTA CATALINA LA TINTA"},"content":{"rendered":"<p style=\"text-align: justify;\">El se\u00f1or Gobernador Departamental Lic. Erik Nolberto Guerrero Milian, particip\u00f3 en desfile inaugural de feria, junto a instituciones educativas y autoridades del municipio.<\/p>\n<p style=\"text-align: justify;\">Este municipio se fund\u00f3 en el a\u00f1o 1896 y est\u00e1 ubicado en la regi\u00f3n oriente de Alta Verapaz.<\/p>\n<p>&nbsp;<\/p>\n<p>&nbsp;<\/p>\n<div><\/div>\n","protected":false},"excerpt":{"rendered":"<p>Este municipio se fund\u00f3 en el a\u00f1o 1896 y est\u00e1 ubicado en la regi\u00f3n oriente de Alta Verapaz.<\/p>\n","protected":false},"author":1,"featured_media":4724,"comment_status":"closed","ping_status":"open","sticky":false,"template":"","format":"gallery","meta":[],"categories":[183,199],"tags":[],"_links":{"self":[{"href":"https:\/\/gobernacionaltaverapaz.gob.gt\/index.php?rest_route=\/wp\/v2\/posts\/4774"}],"collection":[{"href":"https:\/\/gobernacionaltaverapaz.gob.gt\/index.php?rest_route=\/wp\/v2\/posts"}],"about":[{"href":"https:\/\/gobernacionaltaverapaz.gob.gt\/index.php?rest_route=\/wp\/v2\/types\/post"}],"author":[{"embeddable":true,"href":"https:\/\/gobernacionaltaverapaz.gob.gt\/index.php?rest_route=\/wp\/v2\/users\/1"}],"replies":[{"embeddable":true,"href":"https:\/\/gobernacionaltaverapaz.gob.gt\/index.php?rest_route=%2Fwp%2Fv2%2Fcomments&post=4774"}],"version-history":[{"count":2,"href":"https:\/\/gobernacionaltaverapaz.gob.gt\/index.php?rest_route=\/wp\/v2\/posts\/4774\/revisions"}],"predecessor-version":[{"id":4776,"href":"https:\/\/gobernacionaltaverapaz.gob.gt\/index.php?rest_route=\/wp\/v2\/posts\/4774\/revisions\/4776"}],"wp:featuredmedia":[{"embeddable":true,"href":"https:\/\/gobernacionaltaverapaz.gob.gt\/index.php?rest_route=\/wp\/v2\/media\/4724"}],"wp:attachment":[{"href":"https:\/\/gobernacionaltaverapaz.gob.gt\/index.php?rest_route=%2Fwp%2Fv2%2Fmedia&parent=4774"}],"wp:term":[{"taxonomy":"category","embeddable":true,"href":"https:\/\/gobernacionaltaverapaz.gob.gt\/index.php?rest_route=%2Fwp%2Fv2%2Fcategories&post=4774"},{"taxonomy":"post_tag","embeddable":true,"href":"https:\/\/gobernacionaltaverapaz.gob.gt\/index.php?rest_route=%2Fwp%2Fv2%2Ftags&post=4774"}],"curies":[{"name":"wp","href":"https:\/\/api.w.org\/{rel}","templated":true}]}}