{"id":4777,"date":"2018-11-21T15:30:24","date_gmt":"2018-11-21T21:30:24","guid":{"rendered":"http:\/\/gobernacionaltaverapaz.gob.gt\/?p=4777"},"modified":"2019-05-17T15:32:19","modified_gmt":"2019-05-17T21:32:19","slug":"reunin-de-coordinacin-para-el-plan-nacional-de-respuesta","status":"publish","type":"post","link":"https:\/\/gobernacionaltaverapaz.gob.gt\/?p=4777","title":{"rendered":"REUNI\u00d3N DE COORDINACI\u00d3N PARA EL PLAN NACIONAL DE RESPUESTA"},"content":{"rendered":"<div class=\"k_um1_e3ht7 j_um1_e8yq4 clearfix\">\n<div class=\"clearfix t_um1_e3jjy\">\n<div class=\"clearfix _42ef\">\n<div class=\"s_um1_e3jk3\">\n<div>\n<div class=\"_6a _5u5j\">\n<div class=\"_6a _5u5j _6b\">\n<p style=\"text-align: justify;\">Reuni\u00f3n de coordinaci\u00f3n para el \u201cPlan Nacional de Respuesta\u201d en las instalaciones de la Coordinadora Departamental para la Reducci\u00f3n de Desastres -CODRED-, del municipio de Cob\u00e1n.<\/p>\n<p style=\"text-align: justify;\">En dicha reuni\u00f3n se coordin\u00f3 con el grupo de toma de decisiones, brindar una reacci\u00f3n inmediata de acuerdo a los roles y funciones de cada instituci\u00f3n para el momento en que suscite una eventualidad natural que ocasione desastres.<\/p>\n<\/div>\n<\/div>\n<\/div>\n<\/div>\n<\/div>\n<\/div>\n<\/div>\n<p>&nbsp;<\/p>\n<div><\/div>\n<div id=\"js_6oy\" class=\"_5pbx userContent _3576\" data-testid=\"post_message\" data-ft=\"{&quot;tn&quot;:&quot;K&quot;}\"><\/div>\n","protected":false},"excerpt":{"rendered":"<p>En dicha reuni\u00f3n se coordin\u00f3 con el grupo de toma de decisiones, brindar una reacci\u00f3n inmediata de acuerdo a los roles y funciones de cada instituci\u00f3n para el momento en que suscite una eventualidad natural que ocasione desastres.<\/p>\n","protected":false},"author":1,"featured_media":4732,"comment_status":"closed","ping_status":"open","sticky":false,"template":"","format":"gallery","meta":[],"categories":[191,199],"tags":[],"_links":{"self":[{"href":"https:\/\/gobernacionaltaverapaz.gob.gt\/index.php?rest_route=\/wp\/v2\/posts\/4777"}],"collection":[{"href":"https:\/\/gobernacionaltaverapaz.gob.gt\/index.php?rest_route=\/wp\/v2\/posts"}],"about":[{"href":"https:\/\/gobernacionaltaverapaz.gob.gt\/index.php?rest_route=\/wp\/v2\/types\/post"}],"author":[{"embeddable":true,"href":"https:\/\/gobernacionaltaverapaz.gob.gt\/index.php?rest_route=\/wp\/v2\/users\/1"}],"replies":[{"embeddable":true,"href":"https:\/\/gobernacionaltaverapaz.gob.gt\/index.php?rest_route=%2Fwp%2Fv2%2Fcomments&post=4777"}],"version-history":[{"count":1,"href":"https:\/\/gobernacionaltaverapaz.gob.gt\/index.php?rest_route=\/wp\/v2\/posts\/4777\/revisions"}],"predecessor-version":[{"id":4778,"href":"https:\/\/gobernacionaltaverapaz.gob.gt\/index.php?rest_route=\/wp\/v2\/posts\/4777\/revisions\/4778"}],"wp:featuredmedia":[{"embeddable":true,"href":"https:\/\/gobernacionaltaverapaz.gob.gt\/index.php?rest_route=\/wp\/v2\/media\/4732"}],"wp:attachment":[{"href":"https:\/\/gobernacionaltaverapaz.gob.gt\/index.php?rest_route=%2Fwp%2Fv2%2Fmedia&parent=4777"}],"wp:term":[{"taxonomy":"category","embeddable":true,"href":"https:\/\/gobernacionaltaverapaz.gob.gt\/index.php?rest_route=%2Fwp%2Fv2%2Fcategories&post=4777"},{"taxonomy":"post_tag","embeddable":true,"href":"https:\/\/gobernacionaltaverapaz.gob.gt\/index.php?rest_route=%2Fwp%2Fv2%2Ftags&post=4777"}],"curies":[{"name":"wp","href":"https:\/\/api.w.org\/{rel}","templated":true}]}}