{"id":4781,"date":"2018-11-20T10:00:08","date_gmt":"2018-11-20T16:00:08","guid":{"rendered":"http:\/\/gobernacionaltaverapaz.gob.gt\/?p=4781"},"modified":"2019-05-17T15:50:22","modified_gmt":"2019-05-17T21:50:22","slug":"reunin-para-abordar-el-tema-energa-elctrica-su-implicacin-en-los-municipios-de-alta-verapaz","status":"publish","type":"post","link":"https:\/\/gobernacionaltaverapaz.gob.gt\/?p=4781","title":{"rendered":"REUNI\u00d3N PARA ABORDAR EL TEMA ENERG\u00cdA EL\u00c9CTRICA Y SU IMPLICACI\u00d3N EN LOS MUNICIPIOS DE ALTA VERAPAZ"},"content":{"rendered":"<p style=\"text-align: justify;\">Se llev\u00f3 a cabo reuni\u00f3n para abordar el tema: \u201cEnerg\u00eda El\u00e9ctrica y su implicaci\u00f3n en los municipios de Alta Verapaz\u201d coordinada por Gobernaci\u00f3n y Comisi\u00f3n Presidencial de Di\u00e1logo -CPD-, uno de los principales acuerdos fue: promover una pr\u00f3xima reuni\u00f3n con los alcaldes del departamento para atender el tema de alumbrado p\u00fablico y analizar los costos.<\/p>\n<p style=\"text-align: justify;\">En la actividad estuvieron presentes: Comisi\u00f3n de Energ\u00eda El\u00e9ctrica -CEE-, Representante de ENERGUATE y COPREDEH.<\/p>\n<p>&nbsp;<\/p>\n<div><\/div>\n","protected":false},"excerpt":{"rendered":"<p>Uno de los principales acuerdos fue: promover una pr\u00f3xima reuni\u00f3n con los alcaldes del departamento para atender el tema de alumbrado p\u00fablico y analizar los costos.<\/p>\n","protected":false},"author":1,"featured_media":4741,"comment_status":"closed","ping_status":"open","sticky":false,"template":"","format":"gallery","meta":[],"categories":[191,199],"tags":[],"_links":{"self":[{"href":"https:\/\/gobernacionaltaverapaz.gob.gt\/index.php?rest_route=\/wp\/v2\/posts\/4781"}],"collection":[{"href":"https:\/\/gobernacionaltaverapaz.gob.gt\/index.php?rest_route=\/wp\/v2\/posts"}],"about":[{"href":"https:\/\/gobernacionaltaverapaz.gob.gt\/index.php?rest_route=\/wp\/v2\/types\/post"}],"author":[{"embeddable":true,"href":"https:\/\/gobernacionaltaverapaz.gob.gt\/index.php?rest_route=\/wp\/v2\/users\/1"}],"replies":[{"embeddable":true,"href":"https:\/\/gobernacionaltaverapaz.gob.gt\/index.php?rest_route=%2Fwp%2Fv2%2Fcomments&post=4781"}],"version-history":[{"count":1,"href":"https:\/\/gobernacionaltaverapaz.gob.gt\/index.php?rest_route=\/wp\/v2\/posts\/4781\/revisions"}],"predecessor-version":[{"id":4782,"href":"https:\/\/gobernacionaltaverapaz.gob.gt\/index.php?rest_route=\/wp\/v2\/posts\/4781\/revisions\/4782"}],"wp:featuredmedia":[{"embeddable":true,"href":"https:\/\/gobernacionaltaverapaz.gob.gt\/index.php?rest_route=\/wp\/v2\/media\/4741"}],"wp:attachment":[{"href":"https:\/\/gobernacionaltaverapaz.gob.gt\/index.php?rest_route=%2Fwp%2Fv2%2Fmedia&parent=4781"}],"wp:term":[{"taxonomy":"category","embeddable":true,"href":"https:\/\/gobernacionaltaverapaz.gob.gt\/index.php?rest_route=%2Fwp%2Fv2%2Fcategories&post=4781"},{"taxonomy":"post_tag","embeddable":true,"href":"https:\/\/gobernacionaltaverapaz.gob.gt\/index.php?rest_route=%2Fwp%2Fv2%2Ftags&post=4781"}],"curies":[{"name":"wp","href":"https:\/\/api.w.org\/{rel}","templated":true}]}}