{"id":4793,"date":"2019-05-17T12:53:17","date_gmt":"2019-05-17T18:53:17","guid":{"rendered":"http:\/\/gobernacionaltaverapaz.gob.gt\/?p=4793"},"modified":"2019-06-14T11:19:54","modified_gmt":"2019-06-14T17:19:54","slug":"colocacin-de-4-contenedores-con-el-fin-de-celebrar-el-da-mundial-del-reciclaje","status":"publish","type":"post","link":"https:\/\/gobernacionaltaverapaz.gob.gt\/?p=4793","title":{"rendered":"CON EL FIN DE CELEBRAR EL D\u00cdA MUNDIAL DEL RECICLAJE SE REALIZ\u00d3 LA COLOCACI\u00d3N DE 4 CONTENEDORES EN EL PARQUE CENTRAL DE COB\u00c1N"},"content":{"rendered":"<p style=\"text-align: justify;\">Con el fin de celebrar el &#8220;D\u00eda Mundial del Reciclaje&#8221;, se realiz\u00f3 la colocaci\u00f3n de 4 contenedores en el parque central del municipio de Cob\u00e1n.<\/p>\n<p style=\"text-align: justify;\">El Ministerio de Ambiente y Recursos Naturales realizo la colocaci\u00f3n de contenedores los cuales ayudaran a clasificar los desechos s\u00f3lidos, el mantenimiento de los mismo estar\u00e1 a cargo de esta comuna, delegado departamental Ing. Carlos Caal, inform\u00f3 que se estar\u00e1n haciendo las gestiones correspondientes para realizar el mismo proceso en los diferentes municipio.<\/p>\n<p style=\"text-align: justify;\">La clasificaci\u00f3n en estos contenedores son; Aluminio, papel y cart\u00f3n, pl\u00e1stico y org\u00e1nico, con esto ayudar al proceso de reciclaje y defender el medio ambiente.<\/p>\n<p style=\"text-align: justify;\">Para ello estuvieron presentes; Ing. Carlos Caal, MARN, Gobernador Departamental, M.A. Erik Nolberto Guerrero Milian y Ing. Angel Argueta, Municipalidad de Cob\u00e1n.<\/p>\n<p>&nbsp;<\/p>\n<div><\/div>\n","protected":false},"excerpt":{"rendered":"<p>Los cuales ayudaran a clasificar los desechos s\u00f3lidos y con esto ayudar al proceso de reciclaje y defender el medio ambiente.<\/p>\n","protected":false},"author":1,"featured_media":4783,"comment_status":"closed","ping_status":"open","sticky":false,"template":"","format":"gallery","meta":[],"categories":[183,3,6,199],"tags":[178],"_links":{"self":[{"href":"https:\/\/gobernacionaltaverapaz.gob.gt\/index.php?rest_route=\/wp\/v2\/posts\/4793"}],"collection":[{"href":"https:\/\/gobernacionaltaverapaz.gob.gt\/index.php?rest_route=\/wp\/v2\/posts"}],"about":[{"href":"https:\/\/gobernacionaltaverapaz.gob.gt\/index.php?rest_route=\/wp\/v2\/types\/post"}],"author":[{"embeddable":true,"href":"https:\/\/gobernacionaltaverapaz.gob.gt\/index.php?rest_route=\/wp\/v2\/users\/1"}],"replies":[{"embeddable":true,"href":"https:\/\/gobernacionaltaverapaz.gob.gt\/index.php?rest_route=%2Fwp%2Fv2%2Fcomments&post=4793"}],"version-history":[{"count":4,"href":"https:\/\/gobernacionaltaverapaz.gob.gt\/index.php?rest_route=\/wp\/v2\/posts\/4793\/revisions"}],"predecessor-version":[{"id":4797,"href":"https:\/\/gobernacionaltaverapaz.gob.gt\/index.php?rest_route=\/wp\/v2\/posts\/4793\/revisions\/4797"}],"wp:featuredmedia":[{"embeddable":true,"href":"https:\/\/gobernacionaltaverapaz.gob.gt\/index.php?rest_route=\/wp\/v2\/media\/4783"}],"wp:attachment":[{"href":"https:\/\/gobernacionaltaverapaz.gob.gt\/index.php?rest_route=%2Fwp%2Fv2%2Fmedia&parent=4793"}],"wp:term":[{"taxonomy":"category","embeddable":true,"href":"https:\/\/gobernacionaltaverapaz.gob.gt\/index.php?rest_route=%2Fwp%2Fv2%2Fcategories&post=4793"},{"taxonomy":"post_tag","embeddable":true,"href":"https:\/\/gobernacionaltaverapaz.gob.gt\/index.php?rest_route=%2Fwp%2Fv2%2Ftags&post=4793"}],"curies":[{"name":"wp","href":"https:\/\/api.w.org\/{rel}","templated":true}]}}