{"id":4882,"date":"2018-11-16T15:02:05","date_gmt":"2018-11-16T21:02:05","guid":{"rendered":"http:\/\/gobernacionaltaverapaz.gob.gt\/?p=4882"},"modified":"2019-05-20T12:14:36","modified_gmt":"2019-05-20T18:14:36","slug":"capacitacin-la-subcomisin-agraria-de-la-zona-del-polochic-con-el-tema-principal-anlisis-de-conflictos-en-reas-protegidas-la-regulacin-de-uso-tenencia-de-la-tierra","status":"publish","type":"post","link":"https:\/\/gobernacionaltaverapaz.gob.gt\/?p=4882","title":{"rendered":"CAPACITACI\u00d3N A LA SUBCOMISI\u00d3N AGRARIA DE LA ZONA DEL POLOCHIC CON EL TEMA PRINCIPAL &#8220;AN\u00c1LISIS DE CONFLICTOS EN \u00c1REAS PROTEGIDAS Y LA REGULACI\u00d3N DE USO Y TENENCIA DE LA TIERRA&#8221;"},"content":{"rendered":"<div class=\"k_um1_e3ht7 j_um1_e8yq4 clearfix\">\n<div class=\"clearfix t_um1_e3jjy\">\n<div class=\"clearfix _42ef\">\n<div class=\"s_um1_e3jk3\">\n<div>\n<div class=\"_6a _5u5j\">\n<div class=\"_6a _5u5j _6b\">\n<p style=\"text-align: justify;\">Capacitaci\u00f3n a la subcomisi\u00f3n agraria de la zona del Polochic, con el tema principal de \u201cAn\u00e1lisis de conflictos en \u00e1reas protegidas y la regulaci\u00f3n de uso y tenencia de la tierra\u201d.\u00a0 En el municipio de Santa Catalina la Tinta.<\/p>\n<p style=\"text-align: justify;\">El procedimiento se realiza para fortalecer capacidades y conocimientos, de los integrantes de la subcomisi\u00f3n sobre los procesos de abordaje de la conflictividad y funcionamiento de las instituciones responsables de la regularizaci\u00f3n de tierras y \u00e1reas protegidas.<\/p>\n<p style=\"text-align: justify;\">En la actividad estuvieron presentes: CONAP, FONDO DE TIERRAS, MAGA, Municipalidades de la Tinta, Panz\u00f3s y Senah\u00fa; MAMPOLIZA, Defensores de la naturaleza, FAO, MERCY CORPS y el se\u00f1or Gobernador Departamental, Lic. Erik Nolberto Guerrero Milian.<\/p>\n<\/div>\n<div><\/div>\n<\/div>\n<\/div>\n<\/div>\n<\/div>\n<\/div>\n<\/div>\n<div id=\"js_49u\" class=\"_5pbx userContent _3576\" data-testid=\"post_message\" data-ft=\"{&quot;tn&quot;:&quot;K&quot;}\"><\/div>\n","protected":false},"excerpt":{"rendered":"<p>El procedimiento se realiza para fortalecer capacidades y conocimientos, de los integrantes de la subcomisi\u00f3n sobre los procesos de abordaje de la conflictividad y funcionamiento de las instituciones responsables de la regularizaci\u00f3n de tierras y \u00e1reas protegidas.<\/p>\n","protected":false},"author":1,"featured_media":4805,"comment_status":"closed","ping_status":"open","sticky":false,"template":"","format":"gallery","meta":[],"categories":[191,6,199],"tags":[],"_links":{"self":[{"href":"https:\/\/gobernacionaltaverapaz.gob.gt\/index.php?rest_route=\/wp\/v2\/posts\/4882"}],"collection":[{"href":"https:\/\/gobernacionaltaverapaz.gob.gt\/index.php?rest_route=\/wp\/v2\/posts"}],"about":[{"href":"https:\/\/gobernacionaltaverapaz.gob.gt\/index.php?rest_route=\/wp\/v2\/types\/post"}],"author":[{"embeddable":true,"href":"https:\/\/gobernacionaltaverapaz.gob.gt\/index.php?rest_route=\/wp\/v2\/users\/1"}],"replies":[{"embeddable":true,"href":"https:\/\/gobernacionaltaverapaz.gob.gt\/index.php?rest_route=%2Fwp%2Fv2%2Fcomments&post=4882"}],"version-history":[{"count":2,"href":"https:\/\/gobernacionaltaverapaz.gob.gt\/index.php?rest_route=\/wp\/v2\/posts\/4882\/revisions"}],"predecessor-version":[{"id":4884,"href":"https:\/\/gobernacionaltaverapaz.gob.gt\/index.php?rest_route=\/wp\/v2\/posts\/4882\/revisions\/4884"}],"wp:featuredmedia":[{"embeddable":true,"href":"https:\/\/gobernacionaltaverapaz.gob.gt\/index.php?rest_route=\/wp\/v2\/media\/4805"}],"wp:attachment":[{"href":"https:\/\/gobernacionaltaverapaz.gob.gt\/index.php?rest_route=%2Fwp%2Fv2%2Fmedia&parent=4882"}],"wp:term":[{"taxonomy":"category","embeddable":true,"href":"https:\/\/gobernacionaltaverapaz.gob.gt\/index.php?rest_route=%2Fwp%2Fv2%2Fcategories&post=4882"},{"taxonomy":"post_tag","embeddable":true,"href":"https:\/\/gobernacionaltaverapaz.gob.gt\/index.php?rest_route=%2Fwp%2Fv2%2Ftags&post=4882"}],"curies":[{"name":"wp","href":"https:\/\/api.w.org\/{rel}","templated":true}]}}