{"id":4885,"date":"2019-05-20T11:49:58","date_gmt":"2019-05-20T17:49:58","guid":{"rendered":"http:\/\/gobernacionaltaverapaz.gob.gt\/?p=4885"},"modified":"2019-05-20T12:40:38","modified_gmt":"2019-05-20T18:40:38","slug":"reunin-ordinaria-mesa-tcnica-departamental-planea-2019","status":"publish","type":"post","link":"https:\/\/gobernacionaltaverapaz.gob.gt\/?p=4885","title":{"rendered":"REUNI\u00d3N ORDINARIA MESA T\u00c9CNICA DEPARTAMENTAL -PLANEA- 2019"},"content":{"rendered":"<p style=\"text-align: justify;\">Se realiz\u00f3 reuni\u00f3n Ordinaria Mesa T\u00e9cnica Departamental -PLANEA- 2019.<\/p>\n<p style=\"text-align: justify;\">Con el objetivo de tener el an\u00e1lisis situacional del departamento, se desarrollo la siguiente agenda; Presentaci\u00f3n sala situacional de embarazos en Adolecentes en 2017-2018, presentaci\u00f3n sala planea MINEDUC 2017-2018, presentaci\u00f3n sala planea MIDES, presentaci\u00f3n sala planea SBS y informe de avances de indicadores enviados a las mesas municipales.<\/p>\n<p style=\"text-align: justify;\">Se discuti\u00f3 y present\u00f3 propuestas; para aumentar la cobertura a nivel b\u00e1sico y diversificado, y estrategias para la reinserci\u00f3n de ni\u00f1as embarazadas a las escuelas.<\/p>\n<p style=\"text-align: justify;\">Presentes en la reuni\u00f3n; M.A. Erik Nolberto Guerrero Milian, Gobernador Departamental, DASAV, MINEDUC, TULA SALUD, UPCV, MIDES, DASAV-MSPAS, DIDEDUC y SBS.<\/p>\n<p>&nbsp;<\/p>\n<div><\/div>\n","protected":false},"excerpt":{"rendered":"<p>Se discuti\u00f3 y present\u00f3 propuestas; para aumentar la cobertura a nivel b\u00e1sico y diversificado, y estrategias para la reinserci\u00f3n de ni\u00f1as embarazadas a las escuelas.<\/p>\n","protected":false},"author":1,"featured_media":4886,"comment_status":"closed","ping_status":"open","sticky":false,"template":"","format":"gallery","meta":[],"categories":[191,199],"tags":[178],"_links":{"self":[{"href":"https:\/\/gobernacionaltaverapaz.gob.gt\/index.php?rest_route=\/wp\/v2\/posts\/4885"}],"collection":[{"href":"https:\/\/gobernacionaltaverapaz.gob.gt\/index.php?rest_route=\/wp\/v2\/posts"}],"about":[{"href":"https:\/\/gobernacionaltaverapaz.gob.gt\/index.php?rest_route=\/wp\/v2\/types\/post"}],"author":[{"embeddable":true,"href":"https:\/\/gobernacionaltaverapaz.gob.gt\/index.php?rest_route=\/wp\/v2\/users\/1"}],"replies":[{"embeddable":true,"href":"https:\/\/gobernacionaltaverapaz.gob.gt\/index.php?rest_route=%2Fwp%2Fv2%2Fcomments&post=4885"}],"version-history":[{"count":4,"href":"https:\/\/gobernacionaltaverapaz.gob.gt\/index.php?rest_route=\/wp\/v2\/posts\/4885\/revisions"}],"predecessor-version":[{"id":4897,"href":"https:\/\/gobernacionaltaverapaz.gob.gt\/index.php?rest_route=\/wp\/v2\/posts\/4885\/revisions\/4897"}],"wp:featuredmedia":[{"embeddable":true,"href":"https:\/\/gobernacionaltaverapaz.gob.gt\/index.php?rest_route=\/wp\/v2\/media\/4886"}],"wp:attachment":[{"href":"https:\/\/gobernacionaltaverapaz.gob.gt\/index.php?rest_route=%2Fwp%2Fv2%2Fmedia&parent=4885"}],"wp:term":[{"taxonomy":"category","embeddable":true,"href":"https:\/\/gobernacionaltaverapaz.gob.gt\/index.php?rest_route=%2Fwp%2Fv2%2Fcategories&post=4885"},{"taxonomy":"post_tag","embeddable":true,"href":"https:\/\/gobernacionaltaverapaz.gob.gt\/index.php?rest_route=%2Fwp%2Fv2%2Ftags&post=4885"}],"curies":[{"name":"wp","href":"https:\/\/api.w.org\/{rel}","templated":true}]}}