{"id":4898,"date":"2018-11-16T09:46:19","date_gmt":"2018-11-16T15:46:19","guid":{"rendered":"http:\/\/gobernacionaltaverapaz.gob.gt\/?p=4898"},"modified":"2019-05-20T12:56:18","modified_gmt":"2019-05-20T18:56:18","slug":"talleres-por-parte-de-plan-alianza-para-la-prosperidad-del-tringulo-norte-pronacom","status":"publish","type":"post","link":"https:\/\/gobernacionaltaverapaz.gob.gt\/?p=4898","title":{"rendered":"TALLERES POR PARTE DE PLAN ALIANZA PARA LA PROSPERIDAD DEL TRI\u00c1NGULO NORTE -PRONACOM-"},"content":{"rendered":"<p style=\"text-align: justify;\">16 de noviembre de 2018 \u00b7<br \/>\nC\u00f3mo parte del equipo Plan Alianza para la prosperidad del Tri\u00e1ngulo Norte -PRONACOM-; se desarrollan talleres en Alta Verapaz y otros 7 departamentos del pa\u00eds, el objetivo es tener acercamientos directos con representantes de medios de comunicaci\u00f3n, sociedad civil, sectores productivos, acad\u00e9micos y representantes de instituciones p\u00fablicas; con ello lograr identificar agendas de trabajo y las \u00e1reas de inter\u00e9s y oportunidad que tienen cada uno de los territorios.<\/p>\n<p style=\"text-align: justify;\">En la actividad se presentaron alcaldes del departamento y el se\u00f1or Gobernador de Alta Verapaz.<\/p>\n<p>&nbsp;<\/p>\n<div><\/div>\n","protected":false},"excerpt":{"rendered":"<p>Con el objetivo de tener acercamientos directos con representantes de medios de comunicaci\u00f3n, sociedad civil, sectores productivos, acad\u00e9micos y representantes de instituciones p\u00fablicas.<\/p>\n","protected":false},"author":1,"featured_media":4814,"comment_status":"closed","ping_status":"open","sticky":false,"template":"","format":"gallery","meta":[],"categories":[191,199],"tags":[],"_links":{"self":[{"href":"https:\/\/gobernacionaltaverapaz.gob.gt\/index.php?rest_route=\/wp\/v2\/posts\/4898"}],"collection":[{"href":"https:\/\/gobernacionaltaverapaz.gob.gt\/index.php?rest_route=\/wp\/v2\/posts"}],"about":[{"href":"https:\/\/gobernacionaltaverapaz.gob.gt\/index.php?rest_route=\/wp\/v2\/types\/post"}],"author":[{"embeddable":true,"href":"https:\/\/gobernacionaltaverapaz.gob.gt\/index.php?rest_route=\/wp\/v2\/users\/1"}],"replies":[{"embeddable":true,"href":"https:\/\/gobernacionaltaverapaz.gob.gt\/index.php?rest_route=%2Fwp%2Fv2%2Fcomments&post=4898"}],"version-history":[{"count":1,"href":"https:\/\/gobernacionaltaverapaz.gob.gt\/index.php?rest_route=\/wp\/v2\/posts\/4898\/revisions"}],"predecessor-version":[{"id":4899,"href":"https:\/\/gobernacionaltaverapaz.gob.gt\/index.php?rest_route=\/wp\/v2\/posts\/4898\/revisions\/4899"}],"wp:featuredmedia":[{"embeddable":true,"href":"https:\/\/gobernacionaltaverapaz.gob.gt\/index.php?rest_route=\/wp\/v2\/media\/4814"}],"wp:attachment":[{"href":"https:\/\/gobernacionaltaverapaz.gob.gt\/index.php?rest_route=%2Fwp%2Fv2%2Fmedia&parent=4898"}],"wp:term":[{"taxonomy":"category","embeddable":true,"href":"https:\/\/gobernacionaltaverapaz.gob.gt\/index.php?rest_route=%2Fwp%2Fv2%2Fcategories&post=4898"},{"taxonomy":"post_tag","embeddable":true,"href":"https:\/\/gobernacionaltaverapaz.gob.gt\/index.php?rest_route=%2Fwp%2Fv2%2Ftags&post=4898"}],"curies":[{"name":"wp","href":"https:\/\/api.w.org\/{rel}","templated":true}]}}