{"id":4915,"date":"2018-11-12T14:05:55","date_gmt":"2018-11-12T20:05:55","guid":{"rendered":"http:\/\/gobernacionaltaverapaz.gob.gt\/?p=4915"},"modified":"2019-05-22T09:50:00","modified_gmt":"2019-05-22T15:50:00","slug":"lanzamiento-del-proyecto-trata-de-personas-con-fines-de-explotacin-sexual-comercial-por-parte-del-plan-internacional-refugio-de-la-niez","status":"publish","type":"post","link":"https:\/\/gobernacionaltaverapaz.gob.gt\/?p=4915","title":{"rendered":"LANZAMIENTO DEL PROYECTO &#8220;TRATA DE PERSONAS CON FINES DE EXPLOTACI\u00d3N SEXUAL Y COMERCIAL&#8221; POR PARTE DEL PLAN INTERNACIONAL Y REFUGIO DE LA NI\u00d1EZ"},"content":{"rendered":"<p style=\"text-align: justify;\">En el municipio de Santa Cruz Verapaz, el Plan Internacional y Refugio de la Ni\u00f1ez, lanzaron el proyecto &#8220;Trata de Personas con fines de Explotaci\u00f3n Sexual y Comercial&#8221;; este proyecto fue aprobado por una Radio del pa\u00eds de Suecia, quien a donado fondos para implementar el denominado proyecto para los pr\u00f3ximos dos a\u00f1os, esta acci\u00f3n se implementar\u00e1 en los municipios de Tucur\u00fa y La Tinta.<\/p>\n<p style=\"text-align: justify;\">En la actividad particip\u00f3 el se\u00f1or Gobernador Departamental, dirigentes de Plan Internacional, Refugio de la ni\u00f1ez, Representantes de Mujeres e instituciones de Gobierno.<\/p>\n<p>&nbsp;<\/p>\n<div><\/div>\n","protected":false},"excerpt":{"rendered":"<p>Este proyecto fue aprobado por una Radio del pa\u00eds de Suecia, quien a donado fondos para implementar el denominado proyecto para los pr\u00f3ximos dos a\u00f1os.<\/p>\n","protected":false},"author":1,"featured_media":4819,"comment_status":"closed","ping_status":"open","sticky":false,"template":"","format":"gallery","meta":[],"categories":[183,199],"tags":[],"_links":{"self":[{"href":"https:\/\/gobernacionaltaverapaz.gob.gt\/index.php?rest_route=\/wp\/v2\/posts\/4915"}],"collection":[{"href":"https:\/\/gobernacionaltaverapaz.gob.gt\/index.php?rest_route=\/wp\/v2\/posts"}],"about":[{"href":"https:\/\/gobernacionaltaverapaz.gob.gt\/index.php?rest_route=\/wp\/v2\/types\/post"}],"author":[{"embeddable":true,"href":"https:\/\/gobernacionaltaverapaz.gob.gt\/index.php?rest_route=\/wp\/v2\/users\/1"}],"replies":[{"embeddable":true,"href":"https:\/\/gobernacionaltaverapaz.gob.gt\/index.php?rest_route=%2Fwp%2Fv2%2Fcomments&post=4915"}],"version-history":[{"count":1,"href":"https:\/\/gobernacionaltaverapaz.gob.gt\/index.php?rest_route=\/wp\/v2\/posts\/4915\/revisions"}],"predecessor-version":[{"id":4916,"href":"https:\/\/gobernacionaltaverapaz.gob.gt\/index.php?rest_route=\/wp\/v2\/posts\/4915\/revisions\/4916"}],"wp:featuredmedia":[{"embeddable":true,"href":"https:\/\/gobernacionaltaverapaz.gob.gt\/index.php?rest_route=\/wp\/v2\/media\/4819"}],"wp:attachment":[{"href":"https:\/\/gobernacionaltaverapaz.gob.gt\/index.php?rest_route=%2Fwp%2Fv2%2Fmedia&parent=4915"}],"wp:term":[{"taxonomy":"category","embeddable":true,"href":"https:\/\/gobernacionaltaverapaz.gob.gt\/index.php?rest_route=%2Fwp%2Fv2%2Fcategories&post=4915"},{"taxonomy":"post_tag","embeddable":true,"href":"https:\/\/gobernacionaltaverapaz.gob.gt\/index.php?rest_route=%2Fwp%2Fv2%2Ftags&post=4915"}],"curies":[{"name":"wp","href":"https:\/\/api.w.org\/{rel}","templated":true}]}}