{"id":4921,"date":"2018-11-01T18:10:29","date_gmt":"2018-11-02T00:10:29","guid":{"rendered":"http:\/\/gobernacionaltaverapaz.gob.gt\/?p=4921"},"modified":"2019-05-22T10:12:01","modified_gmt":"2019-05-22T16:12:01","slug":"inauguracin-de-comedor-seguro-en-el-municipio-de-san-pedro-carch","status":"publish","type":"post","link":"https:\/\/gobernacionaltaverapaz.gob.gt\/?p=4921","title":{"rendered":"INAUGURACI\u00d3N DE &#8220;COMEDOR SEGURO&#8221; EN EL MUNICIPIO DE SAN PEDRO CARCH\u00c1"},"content":{"rendered":"<p style=\"text-align: justify;\">En el municipio de San Pedro Carch\u00e1 se inaugur\u00f3 \u201cComedor Seguro\u201d; el cual se implement\u00f3 para personas de escasos recursos y as\u00ed lograr brindar a toda la poblaci\u00f3n un desayuno o almuerzo digno, el \u00fanico requisito es presentar su Documento Personal de Identificaci\u00f3n DPI y los menores de edad ir acompa\u00f1ados de un adulto.<\/p>\n<p style=\"text-align: justify;\">El comedor cuenta con capacidad para servir 500 desayunos y almuerzos.<\/p>\n<p style=\"text-align: justify;\">En la actividad estuvieron presentes personal del MIDES, Municipalidad y Gobernaci\u00f3n Departamental.<\/p>\n<p>&nbsp;<\/p>\n<div><\/div>\n","protected":false},"excerpt":{"rendered":"<p>El cual se implement\u00f3 para personas de escasos recursos y as\u00ed lograr brindar a toda la poblaci\u00f3n un desayuno o almuerzo digno.<\/p>\n","protected":false},"author":1,"featured_media":4840,"comment_status":"closed","ping_status":"open","sticky":false,"template":"","format":"gallery","meta":[],"categories":[183,199,5],"tags":[],"_links":{"self":[{"href":"https:\/\/gobernacionaltaverapaz.gob.gt\/index.php?rest_route=\/wp\/v2\/posts\/4921"}],"collection":[{"href":"https:\/\/gobernacionaltaverapaz.gob.gt\/index.php?rest_route=\/wp\/v2\/posts"}],"about":[{"href":"https:\/\/gobernacionaltaverapaz.gob.gt\/index.php?rest_route=\/wp\/v2\/types\/post"}],"author":[{"embeddable":true,"href":"https:\/\/gobernacionaltaverapaz.gob.gt\/index.php?rest_route=\/wp\/v2\/users\/1"}],"replies":[{"embeddable":true,"href":"https:\/\/gobernacionaltaverapaz.gob.gt\/index.php?rest_route=%2Fwp%2Fv2%2Fcomments&post=4921"}],"version-history":[{"count":1,"href":"https:\/\/gobernacionaltaverapaz.gob.gt\/index.php?rest_route=\/wp\/v2\/posts\/4921\/revisions"}],"predecessor-version":[{"id":4922,"href":"https:\/\/gobernacionaltaverapaz.gob.gt\/index.php?rest_route=\/wp\/v2\/posts\/4921\/revisions\/4922"}],"wp:featuredmedia":[{"embeddable":true,"href":"https:\/\/gobernacionaltaverapaz.gob.gt\/index.php?rest_route=\/wp\/v2\/media\/4840"}],"wp:attachment":[{"href":"https:\/\/gobernacionaltaverapaz.gob.gt\/index.php?rest_route=%2Fwp%2Fv2%2Fmedia&parent=4921"}],"wp:term":[{"taxonomy":"category","embeddable":true,"href":"https:\/\/gobernacionaltaverapaz.gob.gt\/index.php?rest_route=%2Fwp%2Fv2%2Fcategories&post=4921"},{"taxonomy":"post_tag","embeddable":true,"href":"https:\/\/gobernacionaltaverapaz.gob.gt\/index.php?rest_route=%2Fwp%2Fv2%2Ftags&post=4921"}],"curies":[{"name":"wp","href":"https:\/\/api.w.org\/{rel}","templated":true}]}}