{"id":4923,"date":"2018-11-01T15:53:45","date_gmt":"2018-11-01T21:53:45","guid":{"rendered":"http:\/\/gobernacionaltaverapaz.gob.gt\/?p=4923"},"modified":"2019-05-22T10:53:45","modified_gmt":"2019-05-22T16:53:45","slug":"lanzamiento-del-libro-todos-somos-cobaneros-del-reverendo-ricardo-terga-cintron","status":"publish","type":"post","link":"https:\/\/gobernacionaltaverapaz.gob.gt\/?p=4923","title":{"rendered":"LANZAMIENTO DEL LIBRO &#8220;TODOS SOMOS COBANEROS&#8221; DEL REVERENDO RICARDO TERGA CINTRON"},"content":{"rendered":"<p style=\"text-align: justify;\">Se realiz\u00f3 en el Convento Santo Domingo de Guzm\u00e1n, el lanzamiento del libro del Reverendo Ricardo Terga Cintron \u201cTodos Somos Cobaneros\u201d en el mismo se plasma la cultura, uni\u00f3n y solidaridad de los cobaneros tanto de origen ind\u00edgenas como no ind\u00edgenas.<\/p>\n<p style=\"text-align: justify;\">El mencionado reverendo ha escrito 4 libros, pr\u00f3ximamente lanzar\u00e1 su siguiente libro sobre el municipio de San Cristobal Verapaz.<\/p>\n<p style=\"text-align: justify;\">En el lanzamiento participaron personas de Santa Cruz Verapaz, Cob\u00e1n, el Obispo de la di\u00f3cesis de la Verapaz, Gobernador Departamental, Sacerdote de Santa Cruz, Escritores y dem\u00e1s personas.<\/p>\n<p>&nbsp;<\/p>\n<div><\/div>\n","protected":false},"excerpt":{"rendered":"<p>En el mismo se plasma la cultura, uni\u00f3n y solidaridad de los cobaneros tanto de origen ind\u00edgena como no ind\u00edgena.<\/p>\n","protected":false},"author":1,"featured_media":4851,"comment_status":"closed","ping_status":"open","sticky":false,"template":"","format":"gallery","meta":[],"categories":[183,199],"tags":[],"_links":{"self":[{"href":"https:\/\/gobernacionaltaverapaz.gob.gt\/index.php?rest_route=\/wp\/v2\/posts\/4923"}],"collection":[{"href":"https:\/\/gobernacionaltaverapaz.gob.gt\/index.php?rest_route=\/wp\/v2\/posts"}],"about":[{"href":"https:\/\/gobernacionaltaverapaz.gob.gt\/index.php?rest_route=\/wp\/v2\/types\/post"}],"author":[{"embeddable":true,"href":"https:\/\/gobernacionaltaverapaz.gob.gt\/index.php?rest_route=\/wp\/v2\/users\/1"}],"replies":[{"embeddable":true,"href":"https:\/\/gobernacionaltaverapaz.gob.gt\/index.php?rest_route=%2Fwp%2Fv2%2Fcomments&post=4923"}],"version-history":[{"count":2,"href":"https:\/\/gobernacionaltaverapaz.gob.gt\/index.php?rest_route=\/wp\/v2\/posts\/4923\/revisions"}],"predecessor-version":[{"id":4925,"href":"https:\/\/gobernacionaltaverapaz.gob.gt\/index.php?rest_route=\/wp\/v2\/posts\/4923\/revisions\/4925"}],"wp:featuredmedia":[{"embeddable":true,"href":"https:\/\/gobernacionaltaverapaz.gob.gt\/index.php?rest_route=\/wp\/v2\/media\/4851"}],"wp:attachment":[{"href":"https:\/\/gobernacionaltaverapaz.gob.gt\/index.php?rest_route=%2Fwp%2Fv2%2Fmedia&parent=4923"}],"wp:term":[{"taxonomy":"category","embeddable":true,"href":"https:\/\/gobernacionaltaverapaz.gob.gt\/index.php?rest_route=%2Fwp%2Fv2%2Fcategories&post=4923"},{"taxonomy":"post_tag","embeddable":true,"href":"https:\/\/gobernacionaltaverapaz.gob.gt\/index.php?rest_route=%2Fwp%2Fv2%2Ftags&post=4923"}],"curies":[{"name":"wp","href":"https:\/\/api.w.org\/{rel}","templated":true}]}}