{"id":4928,"date":"2018-10-30T16:22:35","date_gmt":"2018-10-30T22:22:35","guid":{"rendered":"http:\/\/gobernacionaltaverapaz.gob.gt\/?p=4928"},"modified":"2019-05-22T14:36:28","modified_gmt":"2019-05-22T20:36:28","slug":"visita-la-municipalidad-del-municipio-de-panzs","status":"publish","type":"post","link":"https:\/\/gobernacionaltaverapaz.gob.gt\/?p=4928","title":{"rendered":"VISITA A LA MUNICIPALIDAD DEL MUNICIPIO DE PANZ\u00d3S"},"content":{"rendered":"<p style=\"text-align: justify;\">Gobernador de Alta Verapaz Lic. Erik Nolberto Guerrero Milian, visit\u00f3 el 29 de octubre la municipalidad del municipio de Panz\u00f3s, Alta Verapaz.<\/p>\n<p style=\"text-align: justify;\">El acercamiento con el personal de la comuna, la realiz\u00f3 con el fin de enlazar y coordinar esfuerzos para mejorar el acceso a los servicios para la poblaci\u00f3n del referido municipio, adem\u00e1s; exhort\u00f3 al personal a profesionalizarse para mejorar la atenci\u00f3n que se brinda a la poblaci\u00f3n.<\/p>\n<p>&nbsp;<\/p>\n<div><\/div>\n","protected":false},"excerpt":{"rendered":"<p>El acercamiento con el personal de la comuna, la realiz\u00f3 con el fin de enlazar y coordinar esfuerzos para mejorar el acceso a los servicios para la poblaci\u00f3n del referido municipio, adem\u00e1s; exhort\u00f3 al personal a profesionalizarse para mejorar la atenci\u00f3n que se brinda a la poblaci\u00f3n.-<\/p>\n","protected":false},"author":1,"featured_media":4873,"comment_status":"closed","ping_status":"open","sticky":false,"template":"","format":"gallery","meta":[],"categories":[191,199],"tags":[],"_links":{"self":[{"href":"https:\/\/gobernacionaltaverapaz.gob.gt\/index.php?rest_route=\/wp\/v2\/posts\/4928"}],"collection":[{"href":"https:\/\/gobernacionaltaverapaz.gob.gt\/index.php?rest_route=\/wp\/v2\/posts"}],"about":[{"href":"https:\/\/gobernacionaltaverapaz.gob.gt\/index.php?rest_route=\/wp\/v2\/types\/post"}],"author":[{"embeddable":true,"href":"https:\/\/gobernacionaltaverapaz.gob.gt\/index.php?rest_route=\/wp\/v2\/users\/1"}],"replies":[{"embeddable":true,"href":"https:\/\/gobernacionaltaverapaz.gob.gt\/index.php?rest_route=%2Fwp%2Fv2%2Fcomments&post=4928"}],"version-history":[{"count":2,"href":"https:\/\/gobernacionaltaverapaz.gob.gt\/index.php?rest_route=\/wp\/v2\/posts\/4928\/revisions"}],"predecessor-version":[{"id":5012,"href":"https:\/\/gobernacionaltaverapaz.gob.gt\/index.php?rest_route=\/wp\/v2\/posts\/4928\/revisions\/5012"}],"wp:featuredmedia":[{"embeddable":true,"href":"https:\/\/gobernacionaltaverapaz.gob.gt\/index.php?rest_route=\/wp\/v2\/media\/4873"}],"wp:attachment":[{"href":"https:\/\/gobernacionaltaverapaz.gob.gt\/index.php?rest_route=%2Fwp%2Fv2%2Fmedia&parent=4928"}],"wp:term":[{"taxonomy":"category","embeddable":true,"href":"https:\/\/gobernacionaltaverapaz.gob.gt\/index.php?rest_route=%2Fwp%2Fv2%2Fcategories&post=4928"},{"taxonomy":"post_tag","embeddable":true,"href":"https:\/\/gobernacionaltaverapaz.gob.gt\/index.php?rest_route=%2Fwp%2Fv2%2Ftags&post=4928"}],"curies":[{"name":"wp","href":"https:\/\/api.w.org\/{rel}","templated":true}]}}