{"id":5007,"date":"2018-10-30T09:28:36","date_gmt":"2018-10-30T15:28:36","guid":{"rendered":"http:\/\/gobernacionaltaverapaz.gob.gt\/?p=5007"},"modified":"2019-05-22T13:00:52","modified_gmt":"2019-05-22T19:00:52","slug":"socializacin-del-plan-de-desarrollo-comunitario-pdic-de-las-comunidades-nueva-jerusaln-el-rodeo","status":"publish","type":"post","link":"https:\/\/gobernacionaltaverapaz.gob.gt\/?p=5007","title":{"rendered":"SOCIALIZACI\u00d3N DEL &#8220;PLAN DE DESARROLLO COMUNITARIO PDIC&#8221;; DE LAS COMUNIDADES: NUEVA JERUSAL\u00c9N Y EL RODEO"},"content":{"rendered":"<p style=\"text-align: justify;\">En el municipio de Panz\u00f3s se realiz\u00f3 la socializaci\u00f3n del \u201cPlan de Desarrollo Comunitario PDIC\u201d; de las comunidades: Nueva Jerusal\u00e9n y El Rodeo.<\/p>\n<p style=\"text-align: justify;\">La actividad se realiz\u00f3 para socializar y brindar atenci\u00f3n a las familias campesinas que fueron desalojadas en el \u00e1rea del Polochic, quienes tienen medidas cautelares.<\/p>\n<p style=\"text-align: justify;\">Esta actividad se coordina con Copredeh y Fondo de Tierras; quienes adem\u00e1s presentar\u00e1n el diagn\u00f3stico y plan de desarrollo integral de la comunidad \u201cLagartos\u201d.<\/p>\n<p style=\"text-align: justify;\">El se\u00f1or Gobernador Departamental Lic. Erik Nolberto Guerrero Milian, particip\u00f3 en la actividad en donde adem\u00e1s estuvieron comunitarios, Presidente de Aj Awinel, Alcalde Municipal y delegados Institucionales.<\/p>\n","protected":false},"excerpt":{"rendered":"<p>La actividad se realiz\u00f3 para conocer y brindar atenci\u00f3n a las familias campesinas que fueron desalojadas en el \u00e1rea del Polochic, quienes tienen medidas cautelares.<\/p>\n","protected":false},"author":1,"featured_media":4931,"comment_status":"closed","ping_status":"open","sticky":false,"template":"","format":"gallery","meta":[],"categories":[191,199],"tags":[],"_links":{"self":[{"href":"https:\/\/gobernacionaltaverapaz.gob.gt\/index.php?rest_route=\/wp\/v2\/posts\/5007"}],"collection":[{"href":"https:\/\/gobernacionaltaverapaz.gob.gt\/index.php?rest_route=\/wp\/v2\/posts"}],"about":[{"href":"https:\/\/gobernacionaltaverapaz.gob.gt\/index.php?rest_route=\/wp\/v2\/types\/post"}],"author":[{"embeddable":true,"href":"https:\/\/gobernacionaltaverapaz.gob.gt\/index.php?rest_route=\/wp\/v2\/users\/1"}],"replies":[{"embeddable":true,"href":"https:\/\/gobernacionaltaverapaz.gob.gt\/index.php?rest_route=%2Fwp%2Fv2%2Fcomments&post=5007"}],"version-history":[{"count":2,"href":"https:\/\/gobernacionaltaverapaz.gob.gt\/index.php?rest_route=\/wp\/v2\/posts\/5007\/revisions"}],"predecessor-version":[{"id":5009,"href":"https:\/\/gobernacionaltaverapaz.gob.gt\/index.php?rest_route=\/wp\/v2\/posts\/5007\/revisions\/5009"}],"wp:featuredmedia":[{"embeddable":true,"href":"https:\/\/gobernacionaltaverapaz.gob.gt\/index.php?rest_route=\/wp\/v2\/media\/4931"}],"wp:attachment":[{"href":"https:\/\/gobernacionaltaverapaz.gob.gt\/index.php?rest_route=%2Fwp%2Fv2%2Fmedia&parent=5007"}],"wp:term":[{"taxonomy":"category","embeddable":true,"href":"https:\/\/gobernacionaltaverapaz.gob.gt\/index.php?rest_route=%2Fwp%2Fv2%2Fcategories&post=5007"},{"taxonomy":"post_tag","embeddable":true,"href":"https:\/\/gobernacionaltaverapaz.gob.gt\/index.php?rest_route=%2Fwp%2Fv2%2Ftags&post=5007"}],"curies":[{"name":"wp","href":"https:\/\/api.w.org\/{rel}","templated":true}]}}