{"id":5021,"date":"2018-10-25T14:08:35","date_gmt":"2018-10-25T20:08:35","guid":{"rendered":"http:\/\/gobernacionaltaverapaz.gob.gt\/?p=5021"},"modified":"2019-05-22T15:37:47","modified_gmt":"2019-05-22T21:37:47","slug":"inicio-del-curso-administracin-pblica-pensamiento-accin-impartido-por-el-instituto-nacional-de-administracin-pblica","status":"publish","type":"post","link":"https:\/\/gobernacionaltaverapaz.gob.gt\/?p=5021","title":{"rendered":"INICIO DEL CURSO &#8220;ADMINISTRACI\u00d3N P\u00daBLICA: PENSAMIENTO Y ACCI\u00d3N&#8221; IMPARTIDO POR EL INSTITUTO NACIONAL DE ADMINISTRACI\u00d3N P\u00daBLICA"},"content":{"rendered":"<p style=\"text-align: justify;\">En el municipio de Cob\u00e1n, se inicio el curso \u201cAdministraci\u00f3n P\u00fablica: Pensamiento y Acci\u00f3n\u201d; impartido por el Instituto Nacional de Administraci\u00f3n P\u00fablica -INAP- el cual es dirigido a funcionarios y empleados p\u00fablicos.<\/p>\n<p style=\"text-align: justify;\">El d\u00eda jueves 24 arranc\u00f3 con el m\u00f3dulo \u201c0\u201d; donde se brindaron conceptos y conocimientos b\u00e1sicos orientados al desarrollo de los pr\u00f3ximos 7 m\u00f3dulos que forman parte del curso.<\/p>\n<p style=\"text-align: justify;\">Dicho proceso se realizar\u00e1 de forma no presencial con el fin de buscar mayor participaci\u00f3n; en la actividad se cont\u00f3 con la presencia del Gerente de INAP Guatemala Lic. Marco Tulio Cajas y el Se\u00f1or Gobernador Departamental Lic. Erik Nolberto Guerrero Milian.<\/p>\n<p>&nbsp;<\/p>\n<div><\/div>\n","protected":false},"excerpt":{"rendered":"<p>Donde se brindaron conceptos y conocimientos b\u00e1sicos orientados al desarrollo de los pr\u00f3ximos 7 m\u00f3dulos que forman parte del curso.<\/p>\n","protected":false},"author":1,"featured_media":4970,"comment_status":"closed","ping_status":"open","sticky":false,"template":"","format":"gallery","meta":[],"categories":[183,199],"tags":[],"_links":{"self":[{"href":"https:\/\/gobernacionaltaverapaz.gob.gt\/index.php?rest_route=\/wp\/v2\/posts\/5021"}],"collection":[{"href":"https:\/\/gobernacionaltaverapaz.gob.gt\/index.php?rest_route=\/wp\/v2\/posts"}],"about":[{"href":"https:\/\/gobernacionaltaverapaz.gob.gt\/index.php?rest_route=\/wp\/v2\/types\/post"}],"author":[{"embeddable":true,"href":"https:\/\/gobernacionaltaverapaz.gob.gt\/index.php?rest_route=\/wp\/v2\/users\/1"}],"replies":[{"embeddable":true,"href":"https:\/\/gobernacionaltaverapaz.gob.gt\/index.php?rest_route=%2Fwp%2Fv2%2Fcomments&post=5021"}],"version-history":[{"count":1,"href":"https:\/\/gobernacionaltaverapaz.gob.gt\/index.php?rest_route=\/wp\/v2\/posts\/5021\/revisions"}],"predecessor-version":[{"id":5022,"href":"https:\/\/gobernacionaltaverapaz.gob.gt\/index.php?rest_route=\/wp\/v2\/posts\/5021\/revisions\/5022"}],"wp:featuredmedia":[{"embeddable":true,"href":"https:\/\/gobernacionaltaverapaz.gob.gt\/index.php?rest_route=\/wp\/v2\/media\/4970"}],"wp:attachment":[{"href":"https:\/\/gobernacionaltaverapaz.gob.gt\/index.php?rest_route=%2Fwp%2Fv2%2Fmedia&parent=5021"}],"wp:term":[{"taxonomy":"category","embeddable":true,"href":"https:\/\/gobernacionaltaverapaz.gob.gt\/index.php?rest_route=%2Fwp%2Fv2%2Fcategories&post=5021"},{"taxonomy":"post_tag","embeddable":true,"href":"https:\/\/gobernacionaltaverapaz.gob.gt\/index.php?rest_route=%2Fwp%2Fv2%2Ftags&post=5021"}],"curies":[{"name":"wp","href":"https:\/\/api.w.org\/{rel}","templated":true}]}}