{"id":5027,"date":"2018-10-23T10:08:08","date_gmt":"2018-10-23T16:08:08","guid":{"rendered":"http:\/\/gobernacionaltaverapaz.gob.gt\/?p=5027"},"modified":"2019-05-22T16:04:16","modified_gmt":"2019-05-22T22:04:16","slug":"mesa-de-trabajo-para-abordar-el-tema-de-reconstruccin-remodelaciones-del-hospital-regional-de-cobn","status":"publish","type":"post","link":"https:\/\/gobernacionaltaverapaz.gob.gt\/?p=5027","title":{"rendered":"MESA DE TRABAJO PARA ABORDAR EL TEMA DE RECONSTRUCCI\u00d3N Y REMODELACIONES DEL HOSPITAL REGIONAL DE COB\u00c1N"},"content":{"rendered":"<p style=\"text-align: justify;\">El 20 de octubre, se realiz\u00f3 mesa de trabajo para abordar el tema de reconstrucci\u00f3n y remodelaciones del Hospital Regional de Cob\u00e1n.<\/p>\n<p style=\"text-align: justify;\">Uno de los resultados fue la identificaci\u00f3n de un predio para la probable construcci\u00f3n de un nosocomio en el a\u00f1o 2020, tambi\u00e9n se propuso la construcci\u00f3n de un muro perimetral para el actual centro asistencial. En la actividad participaron representantes del Ministerio de Salud, MAGA, Ej\u00e9rcito, Diputado Rudy Pereira y el Se\u00f1or Gobernador Departamental Lic. Erik Nolberto Guerrero Milian.<\/p>\n<p>&nbsp;<\/p>\n<div><\/div>\n","protected":false},"excerpt":{"rendered":"<p>Uno de los resultados fue la identificaci\u00f3n de un predio para la probable construcci\u00f3n de un nosocomio en el a\u00f1o 2020, tambi\u00e9n se propuso la construcci\u00f3n de un muro perimetral para el actual centro asistencial. <\/p>\n","protected":false},"author":1,"featured_media":4991,"comment_status":"closed","ping_status":"open","sticky":false,"template":"","format":"gallery","meta":[],"categories":[191,199,5],"tags":[],"_links":{"self":[{"href":"https:\/\/gobernacionaltaverapaz.gob.gt\/index.php?rest_route=\/wp\/v2\/posts\/5027"}],"collection":[{"href":"https:\/\/gobernacionaltaverapaz.gob.gt\/index.php?rest_route=\/wp\/v2\/posts"}],"about":[{"href":"https:\/\/gobernacionaltaverapaz.gob.gt\/index.php?rest_route=\/wp\/v2\/types\/post"}],"author":[{"embeddable":true,"href":"https:\/\/gobernacionaltaverapaz.gob.gt\/index.php?rest_route=\/wp\/v2\/users\/1"}],"replies":[{"embeddable":true,"href":"https:\/\/gobernacionaltaverapaz.gob.gt\/index.php?rest_route=%2Fwp%2Fv2%2Fcomments&post=5027"}],"version-history":[{"count":1,"href":"https:\/\/gobernacionaltaverapaz.gob.gt\/index.php?rest_route=\/wp\/v2\/posts\/5027\/revisions"}],"predecessor-version":[{"id":5028,"href":"https:\/\/gobernacionaltaverapaz.gob.gt\/index.php?rest_route=\/wp\/v2\/posts\/5027\/revisions\/5028"}],"wp:featuredmedia":[{"embeddable":true,"href":"https:\/\/gobernacionaltaverapaz.gob.gt\/index.php?rest_route=\/wp\/v2\/media\/4991"}],"wp:attachment":[{"href":"https:\/\/gobernacionaltaverapaz.gob.gt\/index.php?rest_route=%2Fwp%2Fv2%2Fmedia&parent=5027"}],"wp:term":[{"taxonomy":"category","embeddable":true,"href":"https:\/\/gobernacionaltaverapaz.gob.gt\/index.php?rest_route=%2Fwp%2Fv2%2Fcategories&post=5027"},{"taxonomy":"post_tag","embeddable":true,"href":"https:\/\/gobernacionaltaverapaz.gob.gt\/index.php?rest_route=%2Fwp%2Fv2%2Ftags&post=5027"}],"curies":[{"name":"wp","href":"https:\/\/api.w.org\/{rel}","templated":true}]}}