{"id":5031,"date":"2019-05-22T16:20:48","date_gmt":"2019-05-22T22:20:48","guid":{"rendered":"http:\/\/gobernacionaltaverapaz.gob.gt\/?p=5031"},"modified":"2019-05-27T08:30:27","modified_gmt":"2019-05-27T14:30:27","slug":"lanzamiento-planea-en-el-municipio-de-cahabn","status":"publish","type":"post","link":"https:\/\/gobernacionaltaverapaz.gob.gt\/?p=5031","title":{"rendered":"LANZAMIENTO -PLANEA- EN EL MUNICIPIO DE CAHAB\u00d3N"},"content":{"rendered":"<div id=\"fb-root\"><\/div><script>(function(d, s, id) {  var js, fjs = d.getElementsByTagName(s)[0];  if (d.getElementById(id)) return;  js = d.createElement(s); js.id = id;  js.src = \"\/\/connect.facebook.net\/en_US\/sdk.js#xfbml=1&version=v2.3\";  fjs.parentNode.insertBefore(js, fjs);}(document, 'script', 'facebook-jssdk'));<\/script><div class=\"fb-video\" data-allowfullscreen=\"true\" data-href=\"\/\/www.facebook.com\/video.php?v=368469850541699\" data-width=\"900\"><\/div>\n<p>&nbsp;<\/p>\n<p style=\"text-align: justify;\">Lanzamiento -PLANEA-, este municipio integra a los 5 priorizados en &#8220;Embarazos en Adolescentes&#8221; en el Departamento de Alta Verapaz.<\/p>\n<p style=\"text-align: justify;\">Gobernador Departamental, M.A. Erik Nolberto Guerrero Milian, expreso; &#8220;Una ni\u00f1a que no ha sido formada en su totalidad no puede formar otra vida, reflexi\u00f3n importante que debemos compartir con la familia, vecinos y amigas, tener ni\u00f1as menores de 18 a\u00f1os embarazadas corta el futuro&#8221;.<\/p>\n<p style=\"text-align: justify;\">En el recorrido participaron 1,700 alumnos de diferentes centros educativos, p\u00fablicos y privadas, COCODES, instituciones gubernamentales y NO gubernamentales, portando carteles alusivos a tener proyectos de vida planificada.<\/p>\n<p style=\"text-align: justify;\">Presentes; MINISTERIO DE SALUD, MAGA, SESAN, MINEDUC, SINAE, MIDES, SOSEP, RENAP, PNC, MUNICIPALIDAD DE CAHAB\u00d3N, FUNDAEMI, CONALFA, PAZ JOVEN, JDO. DE PAZ, ASOCIACI\u00d3N PUENTE, DMM, Y GOBERNACION DEPARTAMENTAL.<\/p>\n<div><\/div>\n<p>&nbsp;<\/p>\n<p><a href=\"https:\/\/www.facebook.com\/GobernacionAV\/photos\/pcb.814599615589303\/814586935590571\/?type=3&amp;theater\" target=\"_blank\" rel=\"noopener\"><img decoding=\"async\" loading=\"lazy\" class=\"alignnone wp-image-3872\" title=\"Ver galer\u00eda en Facebook\" src=\"http:\/\/gobernacionaltaverapaz.gob.gt\/wp-content\/uploads\/2019\/05\/boton-galeria_fotos-150x150-300x99.jpg\" alt=\"\" width=\"200\" height=\"66\" \/><\/a><\/p>\n","protected":false},"excerpt":{"rendered":"<p>Se realiz\u00f3 un recorrido en el cual participaron 1,700 alumnos de diferentes centros educativos, p\u00fablicos y privadas, COCODES, instituciones gubernamentales y NO gubernamentales, portando carteles alusivos a tener proyectos de vida planificada.<\/p>\n","protected":false},"author":1,"featured_media":5032,"comment_status":"closed","ping_status":"open","sticky":false,"template":"","format":"video","meta":[],"categories":[183,199,194,5],"tags":[178],"_links":{"self":[{"href":"https:\/\/gobernacionaltaverapaz.gob.gt\/index.php?rest_route=\/wp\/v2\/posts\/5031"}],"collection":[{"href":"https:\/\/gobernacionaltaverapaz.gob.gt\/index.php?rest_route=\/wp\/v2\/posts"}],"about":[{"href":"https:\/\/gobernacionaltaverapaz.gob.gt\/index.php?rest_route=\/wp\/v2\/types\/post"}],"author":[{"embeddable":true,"href":"https:\/\/gobernacionaltaverapaz.gob.gt\/index.php?rest_route=\/wp\/v2\/users\/1"}],"replies":[{"embeddable":true,"href":"https:\/\/gobernacionaltaverapaz.gob.gt\/index.php?rest_route=%2Fwp%2Fv2%2Fcomments&post=5031"}],"version-history":[{"count":4,"href":"https:\/\/gobernacionaltaverapaz.gob.gt\/index.php?rest_route=\/wp\/v2\/posts\/5031\/revisions"}],"predecessor-version":[{"id":5040,"href":"https:\/\/gobernacionaltaverapaz.gob.gt\/index.php?rest_route=\/wp\/v2\/posts\/5031\/revisions\/5040"}],"wp:featuredmedia":[{"embeddable":true,"href":"https:\/\/gobernacionaltaverapaz.gob.gt\/index.php?rest_route=\/wp\/v2\/media\/5032"}],"wp:attachment":[{"href":"https:\/\/gobernacionaltaverapaz.gob.gt\/index.php?rest_route=%2Fwp%2Fv2%2Fmedia&parent=5031"}],"wp:term":[{"taxonomy":"category","embeddable":true,"href":"https:\/\/gobernacionaltaverapaz.gob.gt\/index.php?rest_route=%2Fwp%2Fv2%2Fcategories&post=5031"},{"taxonomy":"post_tag","embeddable":true,"href":"https:\/\/gobernacionaltaverapaz.gob.gt\/index.php?rest_route=%2Fwp%2Fv2%2Ftags&post=5031"}],"curies":[{"name":"wp","href":"https:\/\/api.w.org\/{rel}","templated":true}]}}