{"id":5116,"date":"2018-10-22T12:58:34","date_gmt":"2018-10-22T18:58:34","guid":{"rendered":"http:\/\/gobernacionaltaverapaz.gob.gt\/?p=5116"},"modified":"2019-05-27T15:39:19","modified_gmt":"2019-05-27T21:39:19","slug":"lanzamiento-de-la-poltica-pblica-departamental-de-atencin-de-la-conflictividad","status":"publish","type":"post","link":"https:\/\/gobernacionaltaverapaz.gob.gt\/?p=5116","title":{"rendered":"LANZAMIENTO DE LA POL\u00cdTICA P\u00daBLICA DEPARTAMENTAL DE ATENCI\u00d3N DE LA CONFLICTIVIDAD"},"content":{"rendered":"<p style=\"text-align: justify;\">El d\u00eda 08 de Octubre, se realiz\u00f3 el Lanzamiento de la &#8220;Pol\u00edtica P\u00fablica Departamental de Atenci\u00f3n de la Conflictividad&#8221; por parte de La comisi\u00f3n Presidencial de Di\u00e1logo (CPD), con el apoyo de; Cooperaci\u00f3n Alemana de FOSIT GIZ, SAA, FONDO DE TIERRAS, RIC, MAGA, CPD, COPREDEH, PDH y como invitados en el proceso Coordinadora, Multisectorial de Tierras y MERCY CORPS.<\/p>\n<p style=\"text-align: justify;\">En la actividad estuvieron presentes: Dr. Sergio Flores Cruz, Comisi\u00f3n Presidencial de Dialogo, Lic. Erwin Robles Valle, Secretario de Asuntos Agrarios, Dr. Gerhard Schamlbrach, Cooperaci\u00f3n Alemana, Dr. Michael Grewe, Embajada Alemana y Lic. Erik Nolberto Guerrero Milian, Gobernador Departamental.<\/p>\n<p>&nbsp;<\/p>\n<div><\/div>\n","protected":false},"excerpt":{"rendered":"<p>En la actividad estuvieron presentes: Dr. Sergio Flores Cruz, Comisi\u00f3n Presidencial de Dialogo, Lic. Erwin Robles Valle, Secretario de Asuntos Agrarios, Dr. Gerhard Schamlbrach, Cooperaci\u00f3n Alemana, Dr. Michael Grewe, Embajada Alemana y Lic. Erik Nolberto Guerrero Milian, Gobernador Departamental.<\/p>\n","protected":false},"author":1,"featured_media":5055,"comment_status":"closed","ping_status":"open","sticky":false,"template":"","format":"gallery","meta":[],"categories":[191,199],"tags":[],"_links":{"self":[{"href":"https:\/\/gobernacionaltaverapaz.gob.gt\/index.php?rest_route=\/wp\/v2\/posts\/5116"}],"collection":[{"href":"https:\/\/gobernacionaltaverapaz.gob.gt\/index.php?rest_route=\/wp\/v2\/posts"}],"about":[{"href":"https:\/\/gobernacionaltaverapaz.gob.gt\/index.php?rest_route=\/wp\/v2\/types\/post"}],"author":[{"embeddable":true,"href":"https:\/\/gobernacionaltaverapaz.gob.gt\/index.php?rest_route=\/wp\/v2\/users\/1"}],"replies":[{"embeddable":true,"href":"https:\/\/gobernacionaltaverapaz.gob.gt\/index.php?rest_route=%2Fwp%2Fv2%2Fcomments&post=5116"}],"version-history":[{"count":3,"href":"https:\/\/gobernacionaltaverapaz.gob.gt\/index.php?rest_route=\/wp\/v2\/posts\/5116\/revisions"}],"predecessor-version":[{"id":5119,"href":"https:\/\/gobernacionaltaverapaz.gob.gt\/index.php?rest_route=\/wp\/v2\/posts\/5116\/revisions\/5119"}],"wp:featuredmedia":[{"embeddable":true,"href":"https:\/\/gobernacionaltaverapaz.gob.gt\/index.php?rest_route=\/wp\/v2\/media\/5055"}],"wp:attachment":[{"href":"https:\/\/gobernacionaltaverapaz.gob.gt\/index.php?rest_route=%2Fwp%2Fv2%2Fmedia&parent=5116"}],"wp:term":[{"taxonomy":"category","embeddable":true,"href":"https:\/\/gobernacionaltaverapaz.gob.gt\/index.php?rest_route=%2Fwp%2Fv2%2Fcategories&post=5116"},{"taxonomy":"post_tag","embeddable":true,"href":"https:\/\/gobernacionaltaverapaz.gob.gt\/index.php?rest_route=%2Fwp%2Fv2%2Ftags&post=5116"}],"curies":[{"name":"wp","href":"https:\/\/api.w.org\/{rel}","templated":true}]}}