{"id":5123,"date":"2018-10-19T08:03:38","date_gmt":"2018-10-19T14:03:38","guid":{"rendered":"http:\/\/gobernacionaltaverapaz.gob.gt\/?p=5123"},"modified":"2019-05-27T16:09:46","modified_gmt":"2019-05-27T22:09:46","slug":"1er-congreso-departamental-de-alimentacin-escolar-2018-realizado-en-el-municipio-de-san-pedro-carch","status":"publish","type":"post","link":"https:\/\/gobernacionaltaverapaz.gob.gt\/?p=5123","title":{"rendered":"1ER. CONGRESO DEPARTAMENTAL DE ALIMENTACI\u00d3N ESCOLAR 2018 REALIZADO EN EL MUNICIPIO DE SAN PEDRO CARCH\u00c1"},"content":{"rendered":"<p style=\"text-align: justify;\">\u201c1er. Congreso Departamental de Alimentaci\u00f3n Escolar 2018\u201d, realizado en el municipio de San Pedro Carch\u00e1, el d\u00eda Martes 16 del 2018.<\/p>\n<p style=\"text-align: justify;\">En la actividad alumnos de establecimientos p\u00fablicos expusieron alimentos que forman parte de la gastronom\u00eda escolar. La actividad cont\u00f3 con la participaci\u00f3n del se\u00f1or Gobernador Departamental, Alcalde de Carch\u00e1, Viceministra de Educaci\u00f3n, DIDEDUC y MAGA.<\/p>\n<p>&nbsp;<\/p>\n<div><\/div>\n","protected":false},"excerpt":{"rendered":"<p>En la actividad alumnos de establecimientos p\u00fablicos expusieron alimentos que forman parte de la gastronom\u00eda escolar. <\/p>\n","protected":false},"author":1,"featured_media":5068,"comment_status":"closed","ping_status":"open","sticky":false,"template":"","format":"gallery","meta":[],"categories":[183,199,194],"tags":[],"_links":{"self":[{"href":"https:\/\/gobernacionaltaverapaz.gob.gt\/index.php?rest_route=\/wp\/v2\/posts\/5123"}],"collection":[{"href":"https:\/\/gobernacionaltaverapaz.gob.gt\/index.php?rest_route=\/wp\/v2\/posts"}],"about":[{"href":"https:\/\/gobernacionaltaverapaz.gob.gt\/index.php?rest_route=\/wp\/v2\/types\/post"}],"author":[{"embeddable":true,"href":"https:\/\/gobernacionaltaverapaz.gob.gt\/index.php?rest_route=\/wp\/v2\/users\/1"}],"replies":[{"embeddable":true,"href":"https:\/\/gobernacionaltaverapaz.gob.gt\/index.php?rest_route=%2Fwp%2Fv2%2Fcomments&post=5123"}],"version-history":[{"count":1,"href":"https:\/\/gobernacionaltaverapaz.gob.gt\/index.php?rest_route=\/wp\/v2\/posts\/5123\/revisions"}],"predecessor-version":[{"id":5124,"href":"https:\/\/gobernacionaltaverapaz.gob.gt\/index.php?rest_route=\/wp\/v2\/posts\/5123\/revisions\/5124"}],"wp:featuredmedia":[{"embeddable":true,"href":"https:\/\/gobernacionaltaverapaz.gob.gt\/index.php?rest_route=\/wp\/v2\/media\/5068"}],"wp:attachment":[{"href":"https:\/\/gobernacionaltaverapaz.gob.gt\/index.php?rest_route=%2Fwp%2Fv2%2Fmedia&parent=5123"}],"wp:term":[{"taxonomy":"category","embeddable":true,"href":"https:\/\/gobernacionaltaverapaz.gob.gt\/index.php?rest_route=%2Fwp%2Fv2%2Fcategories&post=5123"},{"taxonomy":"post_tag","embeddable":true,"href":"https:\/\/gobernacionaltaverapaz.gob.gt\/index.php?rest_route=%2Fwp%2Fv2%2Ftags&post=5123"}],"curies":[{"name":"wp","href":"https:\/\/api.w.org\/{rel}","templated":true}]}}