{"id":5125,"date":"2018-10-18T09:20:34","date_gmt":"2018-10-18T15:20:34","guid":{"rendered":"http:\/\/gobernacionaltaverapaz.gob.gt\/?p=5125"},"modified":"2019-05-27T16:18:24","modified_gmt":"2019-05-27T22:18:24","slug":"presentacin-del-proyecto-centro-de-gobierno","status":"publish","type":"post","link":"https:\/\/gobernacionaltaverapaz.gob.gt\/?p=5125","title":{"rendered":"PRESENTACI\u00d3N DEL PROYECTO &#8220;CENTRO DE GOBIERNO&#8221;"},"content":{"rendered":"<p style=\"text-align: justify;\">Con el objetivo de albergar y concentrar a las instituciones estatales, se presento el proyecto denominado: \u201cCentro de Gobierno\u201d el cual pretende adem\u00e1s; facilitar y mejorar el acceso a los servicios p\u00fablicos para la poblaci\u00f3n, dicha obra de infraestructura ser\u00e1 una realidad en la cabecera de nuestro departamento.<\/p>\n<p style=\"text-align: justify;\">En la actividad participaron: representantes de la Secretaria de Coordinaci\u00f3n Ejecutiva de la Presidencia, instituciones del estado del departamento y el se\u00f1or Gobernador Departamental Lic. Erik Guerrero.<\/p>\n<p>&nbsp;<\/p>\n<div><\/div>\n","protected":false},"excerpt":{"rendered":"<p>El cual pretende facilitar y mejorar el acceso a los servicios p\u00fablicos para la poblaci\u00f3n,<\/p>\n","protected":false},"author":1,"featured_media":5073,"comment_status":"closed","ping_status":"open","sticky":false,"template":"","format":"gallery","meta":[],"categories":[183,195,199],"tags":[],"_links":{"self":[{"href":"https:\/\/gobernacionaltaverapaz.gob.gt\/index.php?rest_route=\/wp\/v2\/posts\/5125"}],"collection":[{"href":"https:\/\/gobernacionaltaverapaz.gob.gt\/index.php?rest_route=\/wp\/v2\/posts"}],"about":[{"href":"https:\/\/gobernacionaltaverapaz.gob.gt\/index.php?rest_route=\/wp\/v2\/types\/post"}],"author":[{"embeddable":true,"href":"https:\/\/gobernacionaltaverapaz.gob.gt\/index.php?rest_route=\/wp\/v2\/users\/1"}],"replies":[{"embeddable":true,"href":"https:\/\/gobernacionaltaverapaz.gob.gt\/index.php?rest_route=%2Fwp%2Fv2%2Fcomments&post=5125"}],"version-history":[{"count":1,"href":"https:\/\/gobernacionaltaverapaz.gob.gt\/index.php?rest_route=\/wp\/v2\/posts\/5125\/revisions"}],"predecessor-version":[{"id":5126,"href":"https:\/\/gobernacionaltaverapaz.gob.gt\/index.php?rest_route=\/wp\/v2\/posts\/5125\/revisions\/5126"}],"wp:featuredmedia":[{"embeddable":true,"href":"https:\/\/gobernacionaltaverapaz.gob.gt\/index.php?rest_route=\/wp\/v2\/media\/5073"}],"wp:attachment":[{"href":"https:\/\/gobernacionaltaverapaz.gob.gt\/index.php?rest_route=%2Fwp%2Fv2%2Fmedia&parent=5125"}],"wp:term":[{"taxonomy":"category","embeddable":true,"href":"https:\/\/gobernacionaltaverapaz.gob.gt\/index.php?rest_route=%2Fwp%2Fv2%2Fcategories&post=5125"},{"taxonomy":"post_tag","embeddable":true,"href":"https:\/\/gobernacionaltaverapaz.gob.gt\/index.php?rest_route=%2Fwp%2Fv2%2Ftags&post=5125"}],"curies":[{"name":"wp","href":"https:\/\/api.w.org\/{rel}","templated":true}]}}