{"id":5131,"date":"2018-10-15T16:54:56","date_gmt":"2018-10-15T22:54:56","guid":{"rendered":"http:\/\/gobernacionaltaverapaz.gob.gt\/?p=5131"},"modified":"2019-05-27T16:53:11","modified_gmt":"2019-05-27T22:53:11","slug":"visita-al-departamento-por-el-presidente-de-la-cmara-de-comercio-de-chicago","status":"publish","type":"post","link":"https:\/\/gobernacionaltaverapaz.gob.gt\/?p=5131","title":{"rendered":"VISITA AL DEPARTAMENTO POR EL PRESIDENTE DE LA C\u00c1MARA DE COMERCIO DE CHICAGO"},"content":{"rendered":"<p style=\"text-align: justify;\">El presidente de la c\u00e1mara de comercio de Chicago, Sergio Yorky visit\u00f3 el departamento de Alta Verapaz; con motivo de promover el turismo en el Departamento, en la actividad estuvieron presentes: Alcaldes del Departamento, amigos de la Marimba de Cob\u00e1n, INGUAT, Alcalde de Puerto Barrios: Lic. Hugo Sarce\u00f1o y el Se\u00f1or Gobernador del Departamento, Lic. ERIK Nolberto Guerrero Milian, la actividad se llev\u00f3 a cabo el d\u00eda viernes 12 de los corrientes.<\/p>\n<div><\/div>\n<p>&nbsp;<\/p>\n<p><a href=\"https:\/\/www.facebook.com\/GobernacionAV\/photos\/pcb.690318318017434\/690316448017621\/?type=3&amp;theater\" target=\"_blank\" rel=\"noopener\"><img decoding=\"async\" loading=\"lazy\" class=\"alignnone wp-image-3872\" title=\"Ver galer\u00eda en Facebook\" src=\"http:\/\/gobernacionaltaverapaz.gob.gt\/wp-content\/uploads\/2019\/05\/boton-galeria_fotos-150x150-300x99.jpg\" alt=\"\" width=\"200\" height=\"66\" \/><\/a><\/p>\n<div><\/div>\n","protected":false},"excerpt":{"rendered":"<p>Con motivo de promover el turismo en el Departamento<\/p>\n","protected":false},"author":1,"featured_media":5095,"comment_status":"closed","ping_status":"open","sticky":false,"template":"","format":"gallery","meta":[],"categories":[183,199],"tags":[],"_links":{"self":[{"href":"https:\/\/gobernacionaltaverapaz.gob.gt\/index.php?rest_route=\/wp\/v2\/posts\/5131"}],"collection":[{"href":"https:\/\/gobernacionaltaverapaz.gob.gt\/index.php?rest_route=\/wp\/v2\/posts"}],"about":[{"href":"https:\/\/gobernacionaltaverapaz.gob.gt\/index.php?rest_route=\/wp\/v2\/types\/post"}],"author":[{"embeddable":true,"href":"https:\/\/gobernacionaltaverapaz.gob.gt\/index.php?rest_route=\/wp\/v2\/users\/1"}],"replies":[{"embeddable":true,"href":"https:\/\/gobernacionaltaverapaz.gob.gt\/index.php?rest_route=%2Fwp%2Fv2%2Fcomments&post=5131"}],"version-history":[{"count":3,"href":"https:\/\/gobernacionaltaverapaz.gob.gt\/index.php?rest_route=\/wp\/v2\/posts\/5131\/revisions"}],"predecessor-version":[{"id":5134,"href":"https:\/\/gobernacionaltaverapaz.gob.gt\/index.php?rest_route=\/wp\/v2\/posts\/5131\/revisions\/5134"}],"wp:featuredmedia":[{"embeddable":true,"href":"https:\/\/gobernacionaltaverapaz.gob.gt\/index.php?rest_route=\/wp\/v2\/media\/5095"}],"wp:attachment":[{"href":"https:\/\/gobernacionaltaverapaz.gob.gt\/index.php?rest_route=%2Fwp%2Fv2%2Fmedia&parent=5131"}],"wp:term":[{"taxonomy":"category","embeddable":true,"href":"https:\/\/gobernacionaltaverapaz.gob.gt\/index.php?rest_route=%2Fwp%2Fv2%2Fcategories&post=5131"},{"taxonomy":"post_tag","embeddable":true,"href":"https:\/\/gobernacionaltaverapaz.gob.gt\/index.php?rest_route=%2Fwp%2Fv2%2Ftags&post=5131"}],"curies":[{"name":"wp","href":"https:\/\/api.w.org\/{rel}","templated":true}]}}