{"id":5135,"date":"2018-10-15T10:20:43","date_gmt":"2018-10-15T16:20:43","guid":{"rendered":"http:\/\/gobernacionaltaverapaz.gob.gt\/?p=5135"},"modified":"2019-05-27T16:58:15","modified_gmt":"2019-05-27T22:58:15","slug":"inauguracin-de-puente-vehcular-en-el-municipio-de-santa-cruz-verapaz","status":"publish","type":"post","link":"https:\/\/gobernacionaltaverapaz.gob.gt\/?p=5135","title":{"rendered":"INAUGURACI\u00d3N DE PUENTE VEH\u00cdCULAR EN EL MUNICIPIO DE SANTA CRUZ VERAPAZ"},"content":{"rendered":"<p style=\"text-align: justify;\">El d\u00eda 09 de octubre, se inauguro puente vehicular en el Municipio de Santa Cruz Verapaz, el cual conecta el casco urbano con la Aldea Chilocom, Laguneta 2 y San Rafael 1, en el acto particip\u00f3 el Se\u00f1or Gobernador Departamental, Lic. Erik Nolberto Guerrero Mili\u00e1n y Concejo Municipal de dicho municipio.<\/p>\n<p>&nbsp;<\/p>\n<p>&nbsp;<\/p>\n<div><\/div>\n<p>&nbsp;<\/p>\n<p>&nbsp;<\/p>\n","protected":false},"excerpt":{"rendered":"<p>El cual conecta el casco urbano con la Aldea Chilocom, Laguneta 2 y San Rafael 1.<\/p>\n","protected":false},"author":1,"featured_media":5100,"comment_status":"closed","ping_status":"open","sticky":false,"template":"","format":"gallery","meta":[],"categories":[195,199,4],"tags":[],"_links":{"self":[{"href":"https:\/\/gobernacionaltaverapaz.gob.gt\/index.php?rest_route=\/wp\/v2\/posts\/5135"}],"collection":[{"href":"https:\/\/gobernacionaltaverapaz.gob.gt\/index.php?rest_route=\/wp\/v2\/posts"}],"about":[{"href":"https:\/\/gobernacionaltaverapaz.gob.gt\/index.php?rest_route=\/wp\/v2\/types\/post"}],"author":[{"embeddable":true,"href":"https:\/\/gobernacionaltaverapaz.gob.gt\/index.php?rest_route=\/wp\/v2\/users\/1"}],"replies":[{"embeddable":true,"href":"https:\/\/gobernacionaltaverapaz.gob.gt\/index.php?rest_route=%2Fwp%2Fv2%2Fcomments&post=5135"}],"version-history":[{"count":1,"href":"https:\/\/gobernacionaltaverapaz.gob.gt\/index.php?rest_route=\/wp\/v2\/posts\/5135\/revisions"}],"predecessor-version":[{"id":5136,"href":"https:\/\/gobernacionaltaverapaz.gob.gt\/index.php?rest_route=\/wp\/v2\/posts\/5135\/revisions\/5136"}],"wp:featuredmedia":[{"embeddable":true,"href":"https:\/\/gobernacionaltaverapaz.gob.gt\/index.php?rest_route=\/wp\/v2\/media\/5100"}],"wp:attachment":[{"href":"https:\/\/gobernacionaltaverapaz.gob.gt\/index.php?rest_route=%2Fwp%2Fv2%2Fmedia&parent=5135"}],"wp:term":[{"taxonomy":"category","embeddable":true,"href":"https:\/\/gobernacionaltaverapaz.gob.gt\/index.php?rest_route=%2Fwp%2Fv2%2Fcategories&post=5135"},{"taxonomy":"post_tag","embeddable":true,"href":"https:\/\/gobernacionaltaverapaz.gob.gt\/index.php?rest_route=%2Fwp%2Fv2%2Ftags&post=5135"}],"curies":[{"name":"wp","href":"https:\/\/api.w.org\/{rel}","templated":true}]}}