{"id":5221,"date":"2019-05-28T17:01:20","date_gmt":"2019-05-28T23:01:20","guid":{"rendered":"http:\/\/gobernacionaltaverapaz.gob.gt\/?p=5221"},"modified":"2019-05-29T12:09:11","modified_gmt":"2019-05-29T18:09:11","slug":"desfile-inaugural-de-feria-en-el-municipio-de-raxruh","status":"publish","type":"post","link":"https:\/\/gobernacionaltaverapaz.gob.gt\/?p=5221","title":{"rendered":"DESFILE INAUGURAL DE FERIA EN EL MUNICIPIO DE RAXRUH\u00c1"},"content":{"rendered":"<p style=\"text-align: justify;\">Se realiz\u00f3 desfile inaugural de feria de este municipio, la conmemoraci\u00f3n se realiza en honor a la santa patrona, Virgen Mar\u00eda Auxiliadora.<\/p>\n<p style=\"text-align: justify;\">Gob. M.A. Erik Nolberto Guerrero Milian, realiz\u00f3 recorrido en las principales calles de este municipio junto a personalidades municipales, COCODES, educaci\u00f3n y reinas de bellezas.<\/p>\n<p style=\"text-align: justify;\">Dentro de la visita el se\u00f1or Gobernador, firmo el libro de oro; con ello dejar plasmada el mensaje y firma de tan importante visita y acompa\u00f1amiento en esta fecha tan especial para el municipio.<\/p>\n<p style=\"text-align: justify;\">En el a\u00f1o 2008 por el Congreso de la Rep\u00fablica, se establece el municipio n\u00famero 17 del Departamento de Alta Verapaz y el n\u00famero 333 del pa\u00eds, con nombre el Raxruh\u00e1 y cuya cabecera municipal es el lugar poblado del mismo nombre.<\/p>\n<div><\/div>\n<p>&nbsp;<\/p>\n<p><a href=\"https:\/\/www.facebook.com\/GobernacionAV\/photos\/pcb.818405578542040\/818395001876431\/?type=3&amp;theater\" target=\"_blank\" rel=\"noopener\"><img decoding=\"async\" loading=\"lazy\" class=\"alignnone wp-image-3872\" title=\"Ver galer\u00eda en Facebook\" src=\"http:\/\/gobernacionaltaverapaz.gob.gt\/wp-content\/uploads\/2019\/05\/boton-galeria_fotos-150x150-300x99.jpg\" alt=\"\" width=\"200\" height=\"66\" \/><\/a><\/p>\n","protected":false},"excerpt":{"rendered":"<p>La conmemoraci\u00f3n se realiza en honor a la santa patrona, Virgen Mar\u00eda Auxiliadora.<\/p>\n","protected":false},"author":1,"featured_media":5216,"comment_status":"closed","ping_status":"open","sticky":false,"template":"","format":"gallery","meta":[],"categories":[183,199,194],"tags":[178],"_links":{"self":[{"href":"https:\/\/gobernacionaltaverapaz.gob.gt\/index.php?rest_route=\/wp\/v2\/posts\/5221"}],"collection":[{"href":"https:\/\/gobernacionaltaverapaz.gob.gt\/index.php?rest_route=\/wp\/v2\/posts"}],"about":[{"href":"https:\/\/gobernacionaltaverapaz.gob.gt\/index.php?rest_route=\/wp\/v2\/types\/post"}],"author":[{"embeddable":true,"href":"https:\/\/gobernacionaltaverapaz.gob.gt\/index.php?rest_route=\/wp\/v2\/users\/1"}],"replies":[{"embeddable":true,"href":"https:\/\/gobernacionaltaverapaz.gob.gt\/index.php?rest_route=%2Fwp%2Fv2%2Fcomments&post=5221"}],"version-history":[{"count":1,"href":"https:\/\/gobernacionaltaverapaz.gob.gt\/index.php?rest_route=\/wp\/v2\/posts\/5221\/revisions"}],"predecessor-version":[{"id":5222,"href":"https:\/\/gobernacionaltaverapaz.gob.gt\/index.php?rest_route=\/wp\/v2\/posts\/5221\/revisions\/5222"}],"wp:featuredmedia":[{"embeddable":true,"href":"https:\/\/gobernacionaltaverapaz.gob.gt\/index.php?rest_route=\/wp\/v2\/media\/5216"}],"wp:attachment":[{"href":"https:\/\/gobernacionaltaverapaz.gob.gt\/index.php?rest_route=%2Fwp%2Fv2%2Fmedia&parent=5221"}],"wp:term":[{"taxonomy":"category","embeddable":true,"href":"https:\/\/gobernacionaltaverapaz.gob.gt\/index.php?rest_route=%2Fwp%2Fv2%2Fcategories&post=5221"},{"taxonomy":"post_tag","embeddable":true,"href":"https:\/\/gobernacionaltaverapaz.gob.gt\/index.php?rest_route=%2Fwp%2Fv2%2Ftags&post=5221"}],"curies":[{"name":"wp","href":"https:\/\/api.w.org\/{rel}","templated":true}]}}