{"id":5223,"date":"2018-10-09T15:46:48","date_gmt":"2018-10-09T21:46:48","guid":{"rendered":"http:\/\/gobernacionaltaverapaz.gob.gt\/?p=5223"},"modified":"2019-05-29T12:39:11","modified_gmt":"2019-05-29T18:39:11","slug":"presentacin-de-resultados-de-intervencin-de-los-equipos-epsumusac-en-el-programa-mi-saludmi-responsabilidad-en-san-pedro-carch","status":"publish","type":"post","link":"https:\/\/gobernacionaltaverapaz.gob.gt\/?p=5223","title":{"rendered":"PRESENTACI\u00d3N DE RESULTADOS DE INTERVENCI\u00d3N DE LOS EQUIPOS EPSUM-USAC EN EL PROGRAMA &#8220;MI SALUD-MI RESPONSABILIDAD&#8221; EN SAN PEDRO CARCH\u00c1"},"content":{"rendered":"<p style=\"text-align: justify;\">En el municipio de San Pedro Carch\u00e1, el d\u00eda lunes 08 de octubre se realiz\u00f3 la presentaci\u00f3n de resultados de intervenci\u00f3n de los equipos EPSUM \u2013 USAC, en el programa \u201cMi Salud &#8211; Mi Responsabilidad\u201d; de la Fundaci\u00f3n Juan Bautista Guti\u00e9rrez, programa promovido por el Vice-Presidente de la Rep\u00fablica.<\/p>\n<p style=\"text-align: justify;\">En la actividad participaron autoridades de los sectores de educaci\u00f3n, salud y Gobernaci\u00f3n Departamental de Alta Verapaz.<\/p>\n<p>&nbsp;<\/p>\n<div><\/div>\n","protected":false},"excerpt":{"rendered":"<p>En la actividad participaron autoridades de los sectores de educaci\u00f3n, salud y Gobernaci\u00f3n Departamental de Alta Verapaz.<\/p>\n","protected":false},"author":1,"featured_media":5107,"comment_status":"closed","ping_status":"open","sticky":false,"template":"","format":"gallery","meta":[],"categories":[183,199,5],"tags":[],"_links":{"self":[{"href":"https:\/\/gobernacionaltaverapaz.gob.gt\/index.php?rest_route=\/wp\/v2\/posts\/5223"}],"collection":[{"href":"https:\/\/gobernacionaltaverapaz.gob.gt\/index.php?rest_route=\/wp\/v2\/posts"}],"about":[{"href":"https:\/\/gobernacionaltaverapaz.gob.gt\/index.php?rest_route=\/wp\/v2\/types\/post"}],"author":[{"embeddable":true,"href":"https:\/\/gobernacionaltaverapaz.gob.gt\/index.php?rest_route=\/wp\/v2\/users\/1"}],"replies":[{"embeddable":true,"href":"https:\/\/gobernacionaltaverapaz.gob.gt\/index.php?rest_route=%2Fwp%2Fv2%2Fcomments&post=5223"}],"version-history":[{"count":1,"href":"https:\/\/gobernacionaltaverapaz.gob.gt\/index.php?rest_route=\/wp\/v2\/posts\/5223\/revisions"}],"predecessor-version":[{"id":5224,"href":"https:\/\/gobernacionaltaverapaz.gob.gt\/index.php?rest_route=\/wp\/v2\/posts\/5223\/revisions\/5224"}],"wp:featuredmedia":[{"embeddable":true,"href":"https:\/\/gobernacionaltaverapaz.gob.gt\/index.php?rest_route=\/wp\/v2\/media\/5107"}],"wp:attachment":[{"href":"https:\/\/gobernacionaltaverapaz.gob.gt\/index.php?rest_route=%2Fwp%2Fv2%2Fmedia&parent=5223"}],"wp:term":[{"taxonomy":"category","embeddable":true,"href":"https:\/\/gobernacionaltaverapaz.gob.gt\/index.php?rest_route=%2Fwp%2Fv2%2Fcategories&post=5223"},{"taxonomy":"post_tag","embeddable":true,"href":"https:\/\/gobernacionaltaverapaz.gob.gt\/index.php?rest_route=%2Fwp%2Fv2%2Ftags&post=5223"}],"curies":[{"name":"wp","href":"https:\/\/api.w.org\/{rel}","templated":true}]}}