{"id":5225,"date":"2018-10-09T08:29:32","date_gmt":"2018-10-09T14:29:32","guid":{"rendered":"http:\/\/gobernacionaltaverapaz.gob.gt\/?p=5225"},"modified":"2019-05-29T12:51:20","modified_gmt":"2019-05-29T18:51:20","slug":"visita-de-la-organizacin-sharing-journey-international","status":"publish","type":"post","link":"https:\/\/gobernacionaltaverapaz.gob.gt\/?p=5225","title":{"rendered":"VISITA DE LA ORGANIZACI\u00d3N &#8220;SHARING THE JOURNEY INTERNATIONAL&#8221;"},"content":{"rendered":"<p style=\"text-align: justify;\">El pasado jueves 04 de octubre, la organizaci\u00f3n \u201cSharing The Journey International\u201d; en compa\u00f1\u00eda de los directores del \u00c1rea de Salud de A. V., Hospital de Cob\u00e1n, CAIMI de San Crist\u00f3bal Verapaz, SOSEP, y el Se\u00f1or Gobernador Departamental, Lic. ERIK Nolberto Guerrero Milian, conocieron el trabajo que realiza dicha organizaci\u00f3n internacional en el departamento y se abord\u00f3 adem\u00e1s la gesti\u00f3n de una cl\u00ednica especial para Cirug\u00eda de Labio Leporino.<\/p>\n<p>&nbsp;<\/p>\n<p>&nbsp;<\/p>\n<div><\/div>\n","protected":false},"excerpt":{"rendered":"<p>Dieron a conocer el trabajo que realiza dicha organizaci\u00f3n internacional en el departamento y se abord\u00f3 adem\u00e1s la gesti\u00f3n de una cl\u00ednica especial para Cirug\u00eda de Labio Leporino.<\/p>\n","protected":false},"author":1,"featured_media":5137,"comment_status":"closed","ping_status":"open","sticky":false,"template":"","format":"gallery","meta":[],"categories":[199,5],"tags":[],"_links":{"self":[{"href":"https:\/\/gobernacionaltaverapaz.gob.gt\/index.php?rest_route=\/wp\/v2\/posts\/5225"}],"collection":[{"href":"https:\/\/gobernacionaltaverapaz.gob.gt\/index.php?rest_route=\/wp\/v2\/posts"}],"about":[{"href":"https:\/\/gobernacionaltaverapaz.gob.gt\/index.php?rest_route=\/wp\/v2\/types\/post"}],"author":[{"embeddable":true,"href":"https:\/\/gobernacionaltaverapaz.gob.gt\/index.php?rest_route=\/wp\/v2\/users\/1"}],"replies":[{"embeddable":true,"href":"https:\/\/gobernacionaltaverapaz.gob.gt\/index.php?rest_route=%2Fwp%2Fv2%2Fcomments&post=5225"}],"version-history":[{"count":1,"href":"https:\/\/gobernacionaltaverapaz.gob.gt\/index.php?rest_route=\/wp\/v2\/posts\/5225\/revisions"}],"predecessor-version":[{"id":5226,"href":"https:\/\/gobernacionaltaverapaz.gob.gt\/index.php?rest_route=\/wp\/v2\/posts\/5225\/revisions\/5226"}],"wp:featuredmedia":[{"embeddable":true,"href":"https:\/\/gobernacionaltaverapaz.gob.gt\/index.php?rest_route=\/wp\/v2\/media\/5137"}],"wp:attachment":[{"href":"https:\/\/gobernacionaltaverapaz.gob.gt\/index.php?rest_route=%2Fwp%2Fv2%2Fmedia&parent=5225"}],"wp:term":[{"taxonomy":"category","embeddable":true,"href":"https:\/\/gobernacionaltaverapaz.gob.gt\/index.php?rest_route=%2Fwp%2Fv2%2Fcategories&post=5225"},{"taxonomy":"post_tag","embeddable":true,"href":"https:\/\/gobernacionaltaverapaz.gob.gt\/index.php?rest_route=%2Fwp%2Fv2%2Ftags&post=5225"}],"curies":[{"name":"wp","href":"https:\/\/api.w.org\/{rel}","templated":true}]}}