{"id":5234,"date":"2018-10-01T08:38:56","date_gmt":"2018-10-01T14:38:56","guid":{"rendered":"http:\/\/gobernacionaltaverapaz.gob.gt\/?p=5234"},"modified":"2019-05-29T14:58:00","modified_gmt":"2019-05-29T20:58:00","slug":"presentacin-de-investigacin-de-la-revista-lanced-denominada-el-desarrollo-en-la-primera-infancia-en-alta-verapaz","status":"publish","type":"post","link":"https:\/\/gobernacionaltaverapaz.gob.gt\/?p=5234","title":{"rendered":"PRESENTACI\u00d3N DE INVESTIGACI\u00d3N DE LA REVISTA THE LANCED; DENOMINADA &#8220;EL DESARROLLO EN LA PRIMERA INFANCIA EN ALTA VERAPAZ&#8221;"},"content":{"rendered":"<div><\/div>\n<p>&nbsp;<\/p>\n<p style=\"text-align: justify;\">El d\u00eda 25 de septiembre se realiz\u00f3, presentaci\u00f3n de investigaci\u00f3n de la revista The Lanced; denominada: \u201cEl desarrollo en la primera infancia en Alta Verapaz\u201d.<\/p>\n<p style=\"text-align: justify;\">En la citada actividad particip\u00f3 el Se\u00f1or Gobernador Departamental, Lic. ERIK Nolberto Guerrero Milian y delegados institucionales con representaci\u00f3n en el CODEDE, integrantes de la Comisi\u00f3n Departamental de Seguridad Alimentaria y Nutricional, autoridades municipales de Carch\u00e1, y San Crist\u00f3bal Verapaz.<\/p>\n","protected":false},"excerpt":{"rendered":"<p>En la citada actividad particip\u00f3 el Se\u00f1or Gobernador Departamental, delegados institucionales con representaci\u00f3n en el CODEDE, integrantes de la Comisi\u00f3n Departamental de Seguridad Alimentaria y Nutricional, autoridades municipales de Carch\u00e1, y San Crist\u00f3bal Verapaz.<\/p>\n","protected":false},"author":1,"featured_media":5162,"comment_status":"closed","ping_status":"open","sticky":false,"template":"","format":"gallery","meta":[],"categories":[183,199],"tags":[],"_links":{"self":[{"href":"https:\/\/gobernacionaltaverapaz.gob.gt\/index.php?rest_route=\/wp\/v2\/posts\/5234"}],"collection":[{"href":"https:\/\/gobernacionaltaverapaz.gob.gt\/index.php?rest_route=\/wp\/v2\/posts"}],"about":[{"href":"https:\/\/gobernacionaltaverapaz.gob.gt\/index.php?rest_route=\/wp\/v2\/types\/post"}],"author":[{"embeddable":true,"href":"https:\/\/gobernacionaltaverapaz.gob.gt\/index.php?rest_route=\/wp\/v2\/users\/1"}],"replies":[{"embeddable":true,"href":"https:\/\/gobernacionaltaverapaz.gob.gt\/index.php?rest_route=%2Fwp%2Fv2%2Fcomments&post=5234"}],"version-history":[{"count":2,"href":"https:\/\/gobernacionaltaverapaz.gob.gt\/index.php?rest_route=\/wp\/v2\/posts\/5234\/revisions"}],"predecessor-version":[{"id":5236,"href":"https:\/\/gobernacionaltaverapaz.gob.gt\/index.php?rest_route=\/wp\/v2\/posts\/5234\/revisions\/5236"}],"wp:featuredmedia":[{"embeddable":true,"href":"https:\/\/gobernacionaltaverapaz.gob.gt\/index.php?rest_route=\/wp\/v2\/media\/5162"}],"wp:attachment":[{"href":"https:\/\/gobernacionaltaverapaz.gob.gt\/index.php?rest_route=%2Fwp%2Fv2%2Fmedia&parent=5234"}],"wp:term":[{"taxonomy":"category","embeddable":true,"href":"https:\/\/gobernacionaltaverapaz.gob.gt\/index.php?rest_route=%2Fwp%2Fv2%2Fcategories&post=5234"},{"taxonomy":"post_tag","embeddable":true,"href":"https:\/\/gobernacionaltaverapaz.gob.gt\/index.php?rest_route=%2Fwp%2Fv2%2Ftags&post=5234"}],"curies":[{"name":"wp","href":"https:\/\/api.w.org\/{rel}","templated":true}]}}