{"id":5237,"date":"2018-09-27T16:45:26","date_gmt":"2018-09-27T22:45:26","guid":{"rendered":"http:\/\/gobernacionaltaverapaz.gob.gt\/?p=5237"},"modified":"2019-05-29T15:03:06","modified_gmt":"2019-05-29T21:03:06","slug":"presentacin-de-resultados-del-proyecto-paz-oportunidades-dilogo-mujeres-comprometidas-para-tener-resultados-poder","status":"publish","type":"post","link":"https:\/\/gobernacionaltaverapaz.gob.gt\/?p=5237","title":{"rendered":"PRESENTACI\u00d3N DE RESULTADOS DEL PROYECTO PAZ, OPORTUNIDADES Y DI\u00c1LOGO MUJERES COMPROMETIDAS PARA TENER RESULTADOS -PODER-&#8220;"},"content":{"rendered":"<p style=\"text-align: justify;\">El d\u00eda martes 25 de Septiembre, se realiz\u00f3 la \u201cPresentaci\u00f3n de Resultados del Proyecto Paz, Oportunidades y Di\u00e1logo Mujeres Comprometidas Para Tener Resultados -PODER-\u201c.<\/p>\n<p style=\"text-align: justify;\">En dicha actividad participaron las delegaciones de Mujeres de entidades Gubernamentales de Alta Verapaz, Gobernador Departamental, Lic. Erik Nolberto Guerrero Mili\u00e1n, adem\u00e1s se cont\u00f3 con la presencia de delegados de Instituciones privadas y de Gobierno.<\/p>\n<p>&nbsp;<\/p>\n<div><\/div>\n","protected":false},"excerpt":{"rendered":"<p>En dicha actividad participaron las delegaciones de Mujeres de entidades Gubernamentales de Alta Verapaz, Gobernador Departamental, adem\u00e1s se cont\u00f3 con la presencia de delegados de Instituciones privadas y de Gobierno.<\/p>\n","protected":false},"author":1,"featured_media":5167,"comment_status":"closed","ping_status":"open","sticky":false,"template":"","format":"gallery","meta":[],"categories":[183,199],"tags":[],"_links":{"self":[{"href":"https:\/\/gobernacionaltaverapaz.gob.gt\/index.php?rest_route=\/wp\/v2\/posts\/5237"}],"collection":[{"href":"https:\/\/gobernacionaltaverapaz.gob.gt\/index.php?rest_route=\/wp\/v2\/posts"}],"about":[{"href":"https:\/\/gobernacionaltaverapaz.gob.gt\/index.php?rest_route=\/wp\/v2\/types\/post"}],"author":[{"embeddable":true,"href":"https:\/\/gobernacionaltaverapaz.gob.gt\/index.php?rest_route=\/wp\/v2\/users\/1"}],"replies":[{"embeddable":true,"href":"https:\/\/gobernacionaltaverapaz.gob.gt\/index.php?rest_route=%2Fwp%2Fv2%2Fcomments&post=5237"}],"version-history":[{"count":1,"href":"https:\/\/gobernacionaltaverapaz.gob.gt\/index.php?rest_route=\/wp\/v2\/posts\/5237\/revisions"}],"predecessor-version":[{"id":5238,"href":"https:\/\/gobernacionaltaverapaz.gob.gt\/index.php?rest_route=\/wp\/v2\/posts\/5237\/revisions\/5238"}],"wp:featuredmedia":[{"embeddable":true,"href":"https:\/\/gobernacionaltaverapaz.gob.gt\/index.php?rest_route=\/wp\/v2\/media\/5167"}],"wp:attachment":[{"href":"https:\/\/gobernacionaltaverapaz.gob.gt\/index.php?rest_route=%2Fwp%2Fv2%2Fmedia&parent=5237"}],"wp:term":[{"taxonomy":"category","embeddable":true,"href":"https:\/\/gobernacionaltaverapaz.gob.gt\/index.php?rest_route=%2Fwp%2Fv2%2Fcategories&post=5237"},{"taxonomy":"post_tag","embeddable":true,"href":"https:\/\/gobernacionaltaverapaz.gob.gt\/index.php?rest_route=%2Fwp%2Fv2%2Ftags&post=5237"}],"curies":[{"name":"wp","href":"https:\/\/api.w.org\/{rel}","templated":true}]}}