{"id":5239,"date":"2018-09-25T09:21:46","date_gmt":"2018-09-25T15:21:46","guid":{"rendered":"http:\/\/gobernacionaltaverapaz.gob.gt\/?p=5239"},"modified":"2019-05-29T15:15:03","modified_gmt":"2019-05-29T21:15:03","slug":"colocacin-de-la-primera-piedra-para-la-construccin-del-instituto-bsico-en-la-aldea-chamil-del-municipio-de-san-juan-chamelco","status":"publish","type":"post","link":"https:\/\/gobernacionaltaverapaz.gob.gt\/?p=5239","title":{"rendered":"COLOCACI\u00d3N DE LA PRIMERA PIEDRA PARA LA CONSTRUCCI\u00d3N DEL INSTITUTO B\u00c1SICO EN LA ALDEA CHAMIL DEL MUNICIPIO DE SAN JUAN CHAMELCO"},"content":{"rendered":"<p style=\"text-align: justify;\">En la Aldea Chamil del municipio de San Juan Chamelco, se realiz\u00f3 la colocaci\u00f3n de la primera piedra para la construcci\u00f3n del Instituto B\u00e1sico que contar\u00e1 con una edificaci\u00f3n de dos niveles y el equipamiento did\u00e1ctico necesario para fortalecer la educaci\u00f3n en el municipio.<\/p>\n<p style=\"text-align: justify;\">En la actividad particip\u00f3 el Alcalde municipal, docentes de la localidad y Gobernador Departamental.<\/p>\n<p>&nbsp;<\/p>\n<div><\/div>\n","protected":false},"excerpt":{"rendered":"<p>Que contar\u00e1 con una edificaci\u00f3n de dos niveles y el equipamiento did\u00e1ctico necesario para fortalecer la educaci\u00f3n en el municipio.<\/p>\n","protected":false},"author":1,"featured_media":5175,"comment_status":"closed","ping_status":"open","sticky":false,"template":"","format":"gallery","meta":[],"categories":[183,195,199],"tags":[],"_links":{"self":[{"href":"https:\/\/gobernacionaltaverapaz.gob.gt\/index.php?rest_route=\/wp\/v2\/posts\/5239"}],"collection":[{"href":"https:\/\/gobernacionaltaverapaz.gob.gt\/index.php?rest_route=\/wp\/v2\/posts"}],"about":[{"href":"https:\/\/gobernacionaltaverapaz.gob.gt\/index.php?rest_route=\/wp\/v2\/types\/post"}],"author":[{"embeddable":true,"href":"https:\/\/gobernacionaltaverapaz.gob.gt\/index.php?rest_route=\/wp\/v2\/users\/1"}],"replies":[{"embeddable":true,"href":"https:\/\/gobernacionaltaverapaz.gob.gt\/index.php?rest_route=%2Fwp%2Fv2%2Fcomments&post=5239"}],"version-history":[{"count":1,"href":"https:\/\/gobernacionaltaverapaz.gob.gt\/index.php?rest_route=\/wp\/v2\/posts\/5239\/revisions"}],"predecessor-version":[{"id":5240,"href":"https:\/\/gobernacionaltaverapaz.gob.gt\/index.php?rest_route=\/wp\/v2\/posts\/5239\/revisions\/5240"}],"wp:featuredmedia":[{"embeddable":true,"href":"https:\/\/gobernacionaltaverapaz.gob.gt\/index.php?rest_route=\/wp\/v2\/media\/5175"}],"wp:attachment":[{"href":"https:\/\/gobernacionaltaverapaz.gob.gt\/index.php?rest_route=%2Fwp%2Fv2%2Fmedia&parent=5239"}],"wp:term":[{"taxonomy":"category","embeddable":true,"href":"https:\/\/gobernacionaltaverapaz.gob.gt\/index.php?rest_route=%2Fwp%2Fv2%2Fcategories&post=5239"},{"taxonomy":"post_tag","embeddable":true,"href":"https:\/\/gobernacionaltaverapaz.gob.gt\/index.php?rest_route=%2Fwp%2Fv2%2Ftags&post=5239"}],"curies":[{"name":"wp","href":"https:\/\/api.w.org\/{rel}","templated":true}]}}