{"id":5246,"date":"2018-09-22T09:43:23","date_gmt":"2018-09-22T15:43:23","guid":{"rendered":"http:\/\/gobernacionaltaverapaz.gob.gt\/?p=5246"},"modified":"2019-05-30T09:12:17","modified_gmt":"2019-05-30T15:12:17","slug":"celebracin-del-da-internacional-de-la-paz","status":"publish","type":"post","link":"https:\/\/gobernacionaltaverapaz.gob.gt\/?p=5246","title":{"rendered":"CELEBRACI\u00d3N DEL D\u00cdA INTERNACIONAL DE LA PAZ"},"content":{"rendered":"<p style=\"text-align: justify;\">El d\u00eda viernes 21 de Septiembre, se celebr\u00f3 el d\u00eda internacional de la Paz en instalaciones del Liceo Bressani; en la actividad participaron alumnos, catedr\u00e1ticos y el se\u00f1or Gobernador Departamental, Lic. ERIK Nolberto Guerrero Milian, quien dio a conocer que \u201cLa paz es fundamental para el desarrollo sostenible de nuestra comunidad y que el respeto al derecho siempre nos garantizar\u00e1 una paz duradera\u201d.<\/p>\n<p>&nbsp;<\/p>\n<p>&nbsp;<\/p>\n<div><\/div>\n","protected":false},"excerpt":{"rendered":"<p>En la actividad participaron alumnos, catedr\u00e1ticos y el se\u00f1or Gobernador Departamental.<\/p>\n","protected":false},"author":1,"featured_media":5196,"comment_status":"closed","ping_status":"open","sticky":false,"template":"","format":"gallery","meta":[],"categories":[183,199],"tags":[],"_links":{"self":[{"href":"https:\/\/gobernacionaltaverapaz.gob.gt\/index.php?rest_route=\/wp\/v2\/posts\/5246"}],"collection":[{"href":"https:\/\/gobernacionaltaverapaz.gob.gt\/index.php?rest_route=\/wp\/v2\/posts"}],"about":[{"href":"https:\/\/gobernacionaltaverapaz.gob.gt\/index.php?rest_route=\/wp\/v2\/types\/post"}],"author":[{"embeddable":true,"href":"https:\/\/gobernacionaltaverapaz.gob.gt\/index.php?rest_route=\/wp\/v2\/users\/1"}],"replies":[{"embeddable":true,"href":"https:\/\/gobernacionaltaverapaz.gob.gt\/index.php?rest_route=%2Fwp%2Fv2%2Fcomments&post=5246"}],"version-history":[{"count":2,"href":"https:\/\/gobernacionaltaverapaz.gob.gt\/index.php?rest_route=\/wp\/v2\/posts\/5246\/revisions"}],"predecessor-version":[{"id":5248,"href":"https:\/\/gobernacionaltaverapaz.gob.gt\/index.php?rest_route=\/wp\/v2\/posts\/5246\/revisions\/5248"}],"wp:featuredmedia":[{"embeddable":true,"href":"https:\/\/gobernacionaltaverapaz.gob.gt\/index.php?rest_route=\/wp\/v2\/media\/5196"}],"wp:attachment":[{"href":"https:\/\/gobernacionaltaverapaz.gob.gt\/index.php?rest_route=%2Fwp%2Fv2%2Fmedia&parent=5246"}],"wp:term":[{"taxonomy":"category","embeddable":true,"href":"https:\/\/gobernacionaltaverapaz.gob.gt\/index.php?rest_route=%2Fwp%2Fv2%2Fcategories&post=5246"},{"taxonomy":"post_tag","embeddable":true,"href":"https:\/\/gobernacionaltaverapaz.gob.gt\/index.php?rest_route=%2Fwp%2Fv2%2Ftags&post=5246"}],"curies":[{"name":"wp","href":"https:\/\/api.w.org\/{rel}","templated":true}]}}