{"id":5249,"date":"2018-09-21T18:39:14","date_gmt":"2018-09-22T00:39:14","guid":{"rendered":"http:\/\/gobernacionaltaverapaz.gob.gt\/?p=5249"},"modified":"2019-05-31T09:18:38","modified_gmt":"2019-05-31T15:18:38","slug":"altares-cvicos-en-el-ministerio-de-trabajo","status":"publish","type":"post","link":"https:\/\/gobernacionaltaverapaz.gob.gt\/?p=5249","title":{"rendered":"ALTARES C\u00cdVICOS EN EL MINISTERIO DE TRABAJO"},"content":{"rendered":"<p style=\"text-align: justify;\">El jueves 13 de septiembre, la delegaci\u00f3n de Ministerio de Trabajo MINTRAB realiz\u00f3 altares c\u00edvicos; con el objetivo de incentivar en sus oficinas el fervor patrio.<\/p>\n<p style=\"text-align: justify;\">En la actividad se cont\u00f3 con la presencia del Se\u00f1or Gobernador Departamental, Lic. Erik Guerrero Mili\u00e1n y el Delegado de Asistencia Tur\u00edstica del INGUAT.<\/p>\n<div><\/div>\n<p>&nbsp;<\/p>\n<p><a href=\"https:\/\/www.facebook.com\/GobernacionAV\/photos\/pcb.678860612496538\/678859355829997\/?type=3&amp;theater\" target=\"_blank\" rel=\"noopener\"><img decoding=\"async\" loading=\"lazy\" class=\"alignnone wp-image-3872\" title=\"Ver galer\u00eda en Facebook\" src=\"http:\/\/gobernacionaltaverapaz.gob.gt\/wp-content\/uploads\/2019\/05\/boton-galeria_fotos-150x150-300x99.jpg\" alt=\"\" width=\"200\" height=\"66\" \/><\/a><\/p>\n","protected":false},"excerpt":{"rendered":"<p>En la actividad se cont\u00f3 con la presencia del Se\u00f1or Gobernador Departamental y el Delegado de Asistencia Tur\u00edstica del INGUAT.<\/p>\n","protected":false},"author":1,"featured_media":5207,"comment_status":"closed","ping_status":"open","sticky":false,"template":"","format":"gallery","meta":[],"categories":[183,199],"tags":[],"_links":{"self":[{"href":"https:\/\/gobernacionaltaverapaz.gob.gt\/index.php?rest_route=\/wp\/v2\/posts\/5249"}],"collection":[{"href":"https:\/\/gobernacionaltaverapaz.gob.gt\/index.php?rest_route=\/wp\/v2\/posts"}],"about":[{"href":"https:\/\/gobernacionaltaverapaz.gob.gt\/index.php?rest_route=\/wp\/v2\/types\/post"}],"author":[{"embeddable":true,"href":"https:\/\/gobernacionaltaverapaz.gob.gt\/index.php?rest_route=\/wp\/v2\/users\/1"}],"replies":[{"embeddable":true,"href":"https:\/\/gobernacionaltaverapaz.gob.gt\/index.php?rest_route=%2Fwp%2Fv2%2Fcomments&post=5249"}],"version-history":[{"count":2,"href":"https:\/\/gobernacionaltaverapaz.gob.gt\/index.php?rest_route=\/wp\/v2\/posts\/5249\/revisions"}],"predecessor-version":[{"id":5251,"href":"https:\/\/gobernacionaltaverapaz.gob.gt\/index.php?rest_route=\/wp\/v2\/posts\/5249\/revisions\/5251"}],"wp:featuredmedia":[{"embeddable":true,"href":"https:\/\/gobernacionaltaverapaz.gob.gt\/index.php?rest_route=\/wp\/v2\/media\/5207"}],"wp:attachment":[{"href":"https:\/\/gobernacionaltaverapaz.gob.gt\/index.php?rest_route=%2Fwp%2Fv2%2Fmedia&parent=5249"}],"wp:term":[{"taxonomy":"category","embeddable":true,"href":"https:\/\/gobernacionaltaverapaz.gob.gt\/index.php?rest_route=%2Fwp%2Fv2%2Fcategories&post=5249"},{"taxonomy":"post_tag","embeddable":true,"href":"https:\/\/gobernacionaltaverapaz.gob.gt\/index.php?rest_route=%2Fwp%2Fv2%2Ftags&post=5249"}],"curies":[{"name":"wp","href":"https:\/\/api.w.org\/{rel}","templated":true}]}}