{"id":5258,"date":"2019-05-30T10:13:25","date_gmt":"2019-05-30T16:13:25","guid":{"rendered":"http:\/\/gobernacionaltaverapaz.gob.gt\/?p=5258"},"modified":"2019-05-31T08:43:23","modified_gmt":"2019-05-31T14:43:23","slug":"fiesta-patronal-en-el-municipio-de-chahal","status":"publish","type":"post","link":"https:\/\/gobernacionaltaverapaz.gob.gt\/?p=5258","title":{"rendered":"FIESTA PATRONAL EN EL MUNICIPIO DE CHAHAL"},"content":{"rendered":"<p style=\"text-align: justify;\">Fiesta patronal en el que se realizan actividades y eventos en honor al santo patrono San Fernando.<\/p>\n<p style=\"text-align: justify;\">Gob. M.A. Erik Nolberto Guerrero Milian, particip\u00f3 en el recorrido de este aleg\u00f3rico desfile, acompa\u00f1ado de establecimientos educativos, corporaci\u00f3n municipal, COCODES, maestros y dem\u00e1s personas.<\/p>\n<p style=\"text-align: justify;\">El 31 de mayo de 1890 por petici\u00f3n de autoridades y vecinos regresa a la jurisdicci\u00f3n de Alta Verapaz como aldea del municipio de Santa Mar\u00eda Cahab\u00f3n. El 5 de septiembre de 1903 por Acuerdo Gubernativo fue elevado a la categor\u00eda de Municipio del departamento de Alta Verapaz.<\/p>\n<div><\/div>\n<p>&nbsp;<\/p>\n<p><a href=\"https:\/\/www.facebook.com\/GobernacionAV\/photos\/pcb.819534718429126\/819530321762899\/?type=3&amp;theater\" target=\"_blank\" rel=\"noopener\"><img decoding=\"async\" loading=\"lazy\" class=\"alignnone wp-image-3872\" title=\"Ver galer\u00eda en Facebook\" src=\"http:\/\/gobernacionaltaverapaz.gob.gt\/wp-content\/uploads\/2019\/05\/boton-galeria_fotos-150x150-300x99.jpg\" alt=\"\" width=\"200\" height=\"66\" \/><\/a><\/p>\n","protected":false},"excerpt":{"rendered":"<p>En honor al santo patrono San Fernando.<\/p>\n","protected":false},"author":1,"featured_media":5253,"comment_status":"closed","ping_status":"open","sticky":false,"template":"","format":"gallery","meta":[],"categories":[183,199,194],"tags":[178],"_links":{"self":[{"href":"https:\/\/gobernacionaltaverapaz.gob.gt\/index.php?rest_route=\/wp\/v2\/posts\/5258"}],"collection":[{"href":"https:\/\/gobernacionaltaverapaz.gob.gt\/index.php?rest_route=\/wp\/v2\/posts"}],"about":[{"href":"https:\/\/gobernacionaltaverapaz.gob.gt\/index.php?rest_route=\/wp\/v2\/types\/post"}],"author":[{"embeddable":true,"href":"https:\/\/gobernacionaltaverapaz.gob.gt\/index.php?rest_route=\/wp\/v2\/users\/1"}],"replies":[{"embeddable":true,"href":"https:\/\/gobernacionaltaverapaz.gob.gt\/index.php?rest_route=%2Fwp%2Fv2%2Fcomments&post=5258"}],"version-history":[{"count":1,"href":"https:\/\/gobernacionaltaverapaz.gob.gt\/index.php?rest_route=\/wp\/v2\/posts\/5258\/revisions"}],"predecessor-version":[{"id":5259,"href":"https:\/\/gobernacionaltaverapaz.gob.gt\/index.php?rest_route=\/wp\/v2\/posts\/5258\/revisions\/5259"}],"wp:featuredmedia":[{"embeddable":true,"href":"https:\/\/gobernacionaltaverapaz.gob.gt\/index.php?rest_route=\/wp\/v2\/media\/5253"}],"wp:attachment":[{"href":"https:\/\/gobernacionaltaverapaz.gob.gt\/index.php?rest_route=%2Fwp%2Fv2%2Fmedia&parent=5258"}],"wp:term":[{"taxonomy":"category","embeddable":true,"href":"https:\/\/gobernacionaltaverapaz.gob.gt\/index.php?rest_route=%2Fwp%2Fv2%2Fcategories&post=5258"},{"taxonomy":"post_tag","embeddable":true,"href":"https:\/\/gobernacionaltaverapaz.gob.gt\/index.php?rest_route=%2Fwp%2Fv2%2Ftags&post=5258"}],"curies":[{"name":"wp","href":"https:\/\/api.w.org\/{rel}","templated":true}]}}