{"id":5260,"date":"2019-05-31T08:36:31","date_gmt":"2019-05-31T14:36:31","guid":{"rendered":"http:\/\/gobernacionaltaverapaz.gob.gt\/?p=5260"},"modified":"2019-05-31T09:02:04","modified_gmt":"2019-05-31T15:02:04","slug":"protocolo-nacional-para-la-temporada-de-lluvias-huracanes-de-la-repblica-de-guatemala-2019","status":"publish","type":"post","link":"https:\/\/gobernacionaltaverapaz.gob.gt\/?p=5260","title":{"rendered":"PROTOCOLO NACIONAL PARA LA TEMPORADA DE LLUVIAS Y HURACANES DE LA REP\u00daBLICA DE GUATEMALA 2019"},"content":{"rendered":"<p style=\"text-align: justify;\">Se dio a conocer el Protocolo Nacional para la Temporada de Lluvias y Huracanes de la Rep\u00fablica de Guatemala 2019.<\/p>\n<p style=\"text-align: justify;\">De acuerdo a los a\u00f1os an\u00e1logos utilizados y los an\u00e1lisis realizados, mayo continuar\u00e1 registrando temperaturas altas, as\u00ed como lluvias convectivas de car\u00e1cter local en la primera quincena del mes. A partir de la segunda quincena, se establecer\u00e1n las lluvias en regiones del centro, Litoral Pac\u00edfico, Nor-oriente y Caribe del pa\u00eds, y para las regiones del norte, se establecer\u00e1n del 25 de mayo al 5 de junio, se pronostica un mes de junio lluvioso para esta regi\u00f3n.<\/p>\n<p style=\"text-align: justify;\">Por la trascendencia del punto tratado, el grupo de Toma de Decisiones declara Alerta Color Amarillo Institucional por temporada de lluvias y temporada de huracanes 2019, para el Departamento de Alta Verapaz.<\/p>\n<p>&nbsp;<\/p>\n<div><\/div>\n","protected":false},"excerpt":{"rendered":"<p>Se declara Alerta Color Amarillo Institucional para el Departamento de Alta Verapaz.<\/p>\n","protected":false},"author":1,"featured_media":5261,"comment_status":"closed","ping_status":"open","sticky":false,"template":"","format":"gallery","meta":[],"categories":[191,6,199,197],"tags":[178],"_links":{"self":[{"href":"https:\/\/gobernacionaltaverapaz.gob.gt\/index.php?rest_route=\/wp\/v2\/posts\/5260"}],"collection":[{"href":"https:\/\/gobernacionaltaverapaz.gob.gt\/index.php?rest_route=\/wp\/v2\/posts"}],"about":[{"href":"https:\/\/gobernacionaltaverapaz.gob.gt\/index.php?rest_route=\/wp\/v2\/types\/post"}],"author":[{"embeddable":true,"href":"https:\/\/gobernacionaltaverapaz.gob.gt\/index.php?rest_route=\/wp\/v2\/users\/1"}],"replies":[{"embeddable":true,"href":"https:\/\/gobernacionaltaverapaz.gob.gt\/index.php?rest_route=%2Fwp%2Fv2%2Fcomments&post=5260"}],"version-history":[{"count":2,"href":"https:\/\/gobernacionaltaverapaz.gob.gt\/index.php?rest_route=\/wp\/v2\/posts\/5260\/revisions"}],"predecessor-version":[{"id":5270,"href":"https:\/\/gobernacionaltaverapaz.gob.gt\/index.php?rest_route=\/wp\/v2\/posts\/5260\/revisions\/5270"}],"wp:featuredmedia":[{"embeddable":true,"href":"https:\/\/gobernacionaltaverapaz.gob.gt\/index.php?rest_route=\/wp\/v2\/media\/5261"}],"wp:attachment":[{"href":"https:\/\/gobernacionaltaverapaz.gob.gt\/index.php?rest_route=%2Fwp%2Fv2%2Fmedia&parent=5260"}],"wp:term":[{"taxonomy":"category","embeddable":true,"href":"https:\/\/gobernacionaltaverapaz.gob.gt\/index.php?rest_route=%2Fwp%2Fv2%2Fcategories&post=5260"},{"taxonomy":"post_tag","embeddable":true,"href":"https:\/\/gobernacionaltaverapaz.gob.gt\/index.php?rest_route=%2Fwp%2Fv2%2Ftags&post=5260"}],"curies":[{"name":"wp","href":"https:\/\/api.w.org\/{rel}","templated":true}]}}