{"id":5288,"date":"2019-05-31T13:23:39","date_gmt":"2019-05-31T19:23:39","guid":{"rendered":"http:\/\/gobernacionaltaverapaz.gob.gt\/?p=5288"},"modified":"2019-06-03T08:32:51","modified_gmt":"2019-06-03T14:32:51","slug":"segunda-reunin-en-seguimiento-la-campaa-de-reforestacin-en-la-regin","status":"publish","type":"post","link":"https:\/\/gobernacionaltaverapaz.gob.gt\/?p=5288","title":{"rendered":"SEGUNDA REUNI\u00d3N EN SEGUIMIENTO A LA CAMPA\u00d1A DE REFORESTACI\u00d3N EN LA REGI\u00d3N"},"content":{"rendered":"<p style=\"text-align: justify;\">Se realiz\u00f3 segunda reuni\u00f3n en seguimiento a la Campa\u00f1a de Reforestaci\u00f3n en la Regi\u00f3n, REFCA Reforestando Guatemaya y Centro Am\u00e9rica 2019.<\/p>\n<p style=\"text-align: justify;\">Con el objetivo de; Adaptaci\u00f3n y mitigaci\u00f3n al cambio clim\u00e1tico, biodiversidad, desarrollo sostenible, integraci\u00f3n social, conciencia ambiental y liderazgo juvenil.<\/p>\n<p style=\"text-align: justify;\">Conjuntamente con instituciones gubernamentales y no gubernamentales, lograr llegar a la meta para el a\u00f1o 2019, con un estimado de 1.2 millones arbolitos, para nuestra regi\u00f3n de 800,000.<\/p>\n<p>&nbsp;<\/p>\n<div><\/div>\n","protected":false},"excerpt":{"rendered":"<p>Con el objetivo de; Adaptaci\u00f3n y mitigaci\u00f3n al cambio clim\u00e1tico, biodiversidad, desarrollo sostenible, integraci\u00f3n social, conciencia ambiental y liderazgo juvenil.<\/p>\n","protected":false},"author":1,"featured_media":5280,"comment_status":"closed","ping_status":"open","sticky":false,"template":"","format":"gallery","meta":[],"categories":[191,6,199],"tags":[178],"_links":{"self":[{"href":"https:\/\/gobernacionaltaverapaz.gob.gt\/index.php?rest_route=\/wp\/v2\/posts\/5288"}],"collection":[{"href":"https:\/\/gobernacionaltaverapaz.gob.gt\/index.php?rest_route=\/wp\/v2\/posts"}],"about":[{"href":"https:\/\/gobernacionaltaverapaz.gob.gt\/index.php?rest_route=\/wp\/v2\/types\/post"}],"author":[{"embeddable":true,"href":"https:\/\/gobernacionaltaverapaz.gob.gt\/index.php?rest_route=\/wp\/v2\/users\/1"}],"replies":[{"embeddable":true,"href":"https:\/\/gobernacionaltaverapaz.gob.gt\/index.php?rest_route=%2Fwp%2Fv2%2Fcomments&post=5288"}],"version-history":[{"count":1,"href":"https:\/\/gobernacionaltaverapaz.gob.gt\/index.php?rest_route=\/wp\/v2\/posts\/5288\/revisions"}],"predecessor-version":[{"id":5290,"href":"https:\/\/gobernacionaltaverapaz.gob.gt\/index.php?rest_route=\/wp\/v2\/posts\/5288\/revisions\/5290"}],"wp:featuredmedia":[{"embeddable":true,"href":"https:\/\/gobernacionaltaverapaz.gob.gt\/index.php?rest_route=\/wp\/v2\/media\/5280"}],"wp:attachment":[{"href":"https:\/\/gobernacionaltaverapaz.gob.gt\/index.php?rest_route=%2Fwp%2Fv2%2Fmedia&parent=5288"}],"wp:term":[{"taxonomy":"category","embeddable":true,"href":"https:\/\/gobernacionaltaverapaz.gob.gt\/index.php?rest_route=%2Fwp%2Fv2%2Fcategories&post=5288"},{"taxonomy":"post_tag","embeddable":true,"href":"https:\/\/gobernacionaltaverapaz.gob.gt\/index.php?rest_route=%2Fwp%2Fv2%2Ftags&post=5288"}],"curies":[{"name":"wp","href":"https:\/\/api.w.org\/{rel}","templated":true}]}}