{"id":5296,"date":"2019-05-31T16:58:48","date_gmt":"2019-05-31T22:58:48","guid":{"rendered":"http:\/\/gobernacionaltaverapaz.gob.gt\/?p=5296"},"modified":"2019-06-03T08:56:04","modified_gmt":"2019-06-03T14:56:04","slug":"acto-protocolario-de-amigos-de-la-marimba-de-cobn-por-haberlos-condecorados-mensajeros-de-la-paz-en-guatemala-por-parte-del-ministerio-de-cultura-deportes","status":"publish","type":"post","link":"https:\/\/gobernacionaltaverapaz.gob.gt\/?p=5296","title":{"rendered":"ACTO PROTOCOLARIO DE &#8220;AMIGOS DE LA MARIMBA DE COB\u00c1N&#8221; POR HABERLOS CONDECORADOS &#8220;MENSAJEROS DE LA PAZ EN GUATEMALA&#8221; POR PARTE DEL MINISTERIO DE CULTURA Y DEPORTES"},"content":{"rendered":"<p style=\"text-align: justify;\">Acto protocolario de &#8220;Amigos de la Marimba de Cob\u00e1n&#8221;, por haberlos condecorados &#8220;Mensajeros de la Paz en Guatemala&#8221; por parte del Ministerio de Cultura y Deportes.<\/p>\n<p style=\"text-align: justify;\">En el palacio Nacional de la Cultura, Asociaci\u00f3n Amigos de la Marimba de Cob\u00e1n realizaron el Cambio de la Rosa de la Paz, que a trav\u00e9s de sus actividades han promovido la Cultura de Paz en Guatemala y han cumplido con los m\u00e9ritos del Acuerdo Ministerial que lo rige.<\/p>\n<p style=\"text-align: justify;\">Con el compromiso de convertirse en Mensajeros de la Paz de Guatemala y llevar este mensaje a su familia, comunidad y a todo su pa\u00eds con la visi\u00f3n de extenderlo a todos los rincones del mundo.<\/p>\n<p style=\"text-align: justify;\">El acto de celebraci\u00f3n se llev\u00f3 a cabo en Gobernaci\u00f3n Departamental de Alta Verapaz, se entreg\u00f3 reconocimiento a la se\u00f1ora Celita Cabrera, Mirza Noem\u00ed Cabrera, Lic. Elder S\u00fachite Vargas, por su aporte al fortalecimiento del arte y la cultura de Guatemala.<\/p>\n<p style=\"text-align: justify;\">Participaron; Gob. M.A. Erik Nolberto Guerrero Milian, Familiares de integrantes Amigos de la Marimba de Cob\u00e1n, Junta Directiva Amigos de la Marimba de Cob\u00e1n, Lic. Abel Santos, Ministerio de Cultura y Deportes, Licda. Rosa Maclovia Villela Flohr, municipalidad de Cob\u00e1n, Lic. Armando Tzul, Talita Kumi, entre otros.<\/p>\n<div><\/div>\n<p>&nbsp;<\/p>\n<p><a href=\"https:\/\/www.facebook.com\/GobernacionAV\/photos\/pcb.820276611688270\/820247118357886\/?type=3&amp;theater\" target=\"_blank\" rel=\"noopener\"><img decoding=\"async\" loading=\"lazy\" class=\"alignnone wp-image-3872\" title=\"Ver galer\u00eda en Facebook\" src=\"http:\/\/gobernacionaltaverapaz.gob.gt\/wp-content\/uploads\/2019\/05\/boton-galeria_fotos-150x150-300x99.jpg\" alt=\"\" width=\"200\" height=\"66\" \/><\/a><\/p>\n","protected":false},"excerpt":{"rendered":"<p>Se entreg\u00f3 reconocimiento a la se\u00f1ora Celita Cabrera, Mirza Noem\u00ed Cabrera, Lic. Elder S\u00fachite Vargas, por su aporte al fortalecimiento del arte y la cultura de Guatemala.<\/p>\n","protected":false},"author":1,"featured_media":5295,"comment_status":"closed","ping_status":"open","sticky":false,"template":"","format":"gallery","meta":[],"categories":[183,199],"tags":[178],"_links":{"self":[{"href":"https:\/\/gobernacionaltaverapaz.gob.gt\/index.php?rest_route=\/wp\/v2\/posts\/5296"}],"collection":[{"href":"https:\/\/gobernacionaltaverapaz.gob.gt\/index.php?rest_route=\/wp\/v2\/posts"}],"about":[{"href":"https:\/\/gobernacionaltaverapaz.gob.gt\/index.php?rest_route=\/wp\/v2\/types\/post"}],"author":[{"embeddable":true,"href":"https:\/\/gobernacionaltaverapaz.gob.gt\/index.php?rest_route=\/wp\/v2\/users\/1"}],"replies":[{"embeddable":true,"href":"https:\/\/gobernacionaltaverapaz.gob.gt\/index.php?rest_route=%2Fwp%2Fv2%2Fcomments&post=5296"}],"version-history":[{"count":1,"href":"https:\/\/gobernacionaltaverapaz.gob.gt\/index.php?rest_route=\/wp\/v2\/posts\/5296\/revisions"}],"predecessor-version":[{"id":5297,"href":"https:\/\/gobernacionaltaverapaz.gob.gt\/index.php?rest_route=\/wp\/v2\/posts\/5296\/revisions\/5297"}],"wp:featuredmedia":[{"embeddable":true,"href":"https:\/\/gobernacionaltaverapaz.gob.gt\/index.php?rest_route=\/wp\/v2\/media\/5295"}],"wp:attachment":[{"href":"https:\/\/gobernacionaltaverapaz.gob.gt\/index.php?rest_route=%2Fwp%2Fv2%2Fmedia&parent=5296"}],"wp:term":[{"taxonomy":"category","embeddable":true,"href":"https:\/\/gobernacionaltaverapaz.gob.gt\/index.php?rest_route=%2Fwp%2Fv2%2Fcategories&post=5296"},{"taxonomy":"post_tag","embeddable":true,"href":"https:\/\/gobernacionaltaverapaz.gob.gt\/index.php?rest_route=%2Fwp%2Fv2%2Ftags&post=5296"}],"curies":[{"name":"wp","href":"https:\/\/api.w.org\/{rel}","templated":true}]}}