{"id":5300,"date":"2018-09-17T12:18:12","date_gmt":"2018-09-17T18:18:12","guid":{"rendered":"http:\/\/gobernacionaltaverapaz.gob.gt\/?p=5300"},"modified":"2019-06-03T10:37:27","modified_gmt":"2019-06-03T16:37:27","slug":"encuentro-de-escritores-de-alta-verapaz","status":"publish","type":"post","link":"https:\/\/gobernacionaltaverapaz.gob.gt\/?p=5300","title":{"rendered":"ENCUENTRO DE ESCRITORES DE ALTA VERAPAZ"},"content":{"rendered":"<p>El d\u00eda mi\u00e9rcoles 12 de Septiembre, se realizo el evento, &#8220;Encuentro de Escritores&#8221; de Alta Verapaz.<\/p>\n<p>En coordinaci\u00f3n Casa de la Cultura de Alta Verapaz y Gobernaci\u00f3n Departamental, en el mismo se llevaron a cabo dos temas; &#8220;Importancia de la Literatura en la Educaci\u00f3n&#8221; y &#8220;Arte de Escribir&#8221;<\/p>\n<div><\/div>\n<p>&nbsp;<\/p>\n<p><a href=\"https:\/\/www.facebook.com\/GobernacionAV\/photos\/pcb.676894466026486\/676861332696466\/?type=3&amp;theater\" target=\"_blank\" rel=\"noopener\"><img decoding=\"async\" loading=\"lazy\" class=\"alignnone wp-image-3872\" title=\"Ver galer\u00eda en Facebook\" src=\"http:\/\/gobernacionaltaverapaz.gob.gt\/wp-content\/uploads\/2019\/05\/boton-galeria_fotos-150x150-300x99.jpg\" alt=\"\" width=\"200\" height=\"66\" \/><\/a><\/p>\n","protected":false},"excerpt":{"rendered":"<p>En coordinaci\u00f3n Casa de la Cultura de Alta Verapaz y Gobernaci\u00f3n Departamental, en el mismo se llevaron a cabo dos temas; &#8220;Importancia de la Literatura en la Educaci\u00f3n&#8221; y &#8220;Arte de Escribir&#8221;<\/p>\n","protected":false},"author":1,"featured_media":5303,"comment_status":"closed","ping_status":"open","sticky":false,"template":"","format":"gallery","meta":[],"categories":[183,2,199,194],"tags":[],"_links":{"self":[{"href":"https:\/\/gobernacionaltaverapaz.gob.gt\/index.php?rest_route=\/wp\/v2\/posts\/5300"}],"collection":[{"href":"https:\/\/gobernacionaltaverapaz.gob.gt\/index.php?rest_route=\/wp\/v2\/posts"}],"about":[{"href":"https:\/\/gobernacionaltaverapaz.gob.gt\/index.php?rest_route=\/wp\/v2\/types\/post"}],"author":[{"embeddable":true,"href":"https:\/\/gobernacionaltaverapaz.gob.gt\/index.php?rest_route=\/wp\/v2\/users\/1"}],"replies":[{"embeddable":true,"href":"https:\/\/gobernacionaltaverapaz.gob.gt\/index.php?rest_route=%2Fwp%2Fv2%2Fcomments&post=5300"}],"version-history":[{"count":2,"href":"https:\/\/gobernacionaltaverapaz.gob.gt\/index.php?rest_route=\/wp\/v2\/posts\/5300\/revisions"}],"predecessor-version":[{"id":5365,"href":"https:\/\/gobernacionaltaverapaz.gob.gt\/index.php?rest_route=\/wp\/v2\/posts\/5300\/revisions\/5365"}],"wp:featuredmedia":[{"embeddable":true,"href":"https:\/\/gobernacionaltaverapaz.gob.gt\/index.php?rest_route=\/wp\/v2\/media\/5303"}],"wp:attachment":[{"href":"https:\/\/gobernacionaltaverapaz.gob.gt\/index.php?rest_route=%2Fwp%2Fv2%2Fmedia&parent=5300"}],"wp:term":[{"taxonomy":"category","embeddable":true,"href":"https:\/\/gobernacionaltaverapaz.gob.gt\/index.php?rest_route=%2Fwp%2Fv2%2Fcategories&post=5300"},{"taxonomy":"post_tag","embeddable":true,"href":"https:\/\/gobernacionaltaverapaz.gob.gt\/index.php?rest_route=%2Fwp%2Fv2%2Ftags&post=5300"}],"curies":[{"name":"wp","href":"https:\/\/api.w.org\/{rel}","templated":true}]}}