{"id":5366,"date":"2018-09-14T11:16:43","date_gmt":"2018-09-14T17:16:43","guid":{"rendered":"http:\/\/gobernacionaltaverapaz.gob.gt\/?p=5366"},"modified":"2019-06-03T11:22:53","modified_gmt":"2019-06-03T17:22:53","slug":"conmemoracin-del-da-internacional-de-alfabetizacin","status":"publish","type":"post","link":"https:\/\/gobernacionaltaverapaz.gob.gt\/?p=5366","title":{"rendered":"CONMEMORACI\u00d3N DEL D\u00cdA INTERNACIONAL DE ALFABETIZACI\u00d3N"},"content":{"rendered":"<p>Se conmemor\u00f3 el \u201cD\u00eda Internacional de Alfabetizaci\u00f3n\u201den el municipio de San Pedro Carch\u00e1, en el que el Lic. Erik Nolberto Guerrero Milian, Gobernador Departamental, particip\u00f3 e inst\u00f3 a los presentes para continuar incentivando a las mujeres y hombres de nuestra cabecera departamental para minimizar el \u00edndice del analfabetizmo.<\/p>\n<p>&nbsp;<\/p>\n<div><\/div>\n","protected":false},"excerpt":{"rendered":"<p>El se\u00f1or Gobernador Departamental inst\u00f3 a los presentes para continuar incentivando a las mujeres y hombres de nuestra cabecera departamental para minimizar el \u00edndice del analfabetizmo.<\/p>\n","protected":false},"author":1,"featured_media":5311,"comment_status":"closed","ping_status":"open","sticky":false,"template":"","format":"gallery","meta":[],"categories":[183,199,194],"tags":[],"_links":{"self":[{"href":"https:\/\/gobernacionaltaverapaz.gob.gt\/index.php?rest_route=\/wp\/v2\/posts\/5366"}],"collection":[{"href":"https:\/\/gobernacionaltaverapaz.gob.gt\/index.php?rest_route=\/wp\/v2\/posts"}],"about":[{"href":"https:\/\/gobernacionaltaverapaz.gob.gt\/index.php?rest_route=\/wp\/v2\/types\/post"}],"author":[{"embeddable":true,"href":"https:\/\/gobernacionaltaverapaz.gob.gt\/index.php?rest_route=\/wp\/v2\/users\/1"}],"replies":[{"embeddable":true,"href":"https:\/\/gobernacionaltaverapaz.gob.gt\/index.php?rest_route=%2Fwp%2Fv2%2Fcomments&post=5366"}],"version-history":[{"count":1,"href":"https:\/\/gobernacionaltaverapaz.gob.gt\/index.php?rest_route=\/wp\/v2\/posts\/5366\/revisions"}],"predecessor-version":[{"id":5367,"href":"https:\/\/gobernacionaltaverapaz.gob.gt\/index.php?rest_route=\/wp\/v2\/posts\/5366\/revisions\/5367"}],"wp:featuredmedia":[{"embeddable":true,"href":"https:\/\/gobernacionaltaverapaz.gob.gt\/index.php?rest_route=\/wp\/v2\/media\/5311"}],"wp:attachment":[{"href":"https:\/\/gobernacionaltaverapaz.gob.gt\/index.php?rest_route=%2Fwp%2Fv2%2Fmedia&parent=5366"}],"wp:term":[{"taxonomy":"category","embeddable":true,"href":"https:\/\/gobernacionaltaverapaz.gob.gt\/index.php?rest_route=%2Fwp%2Fv2%2Fcategories&post=5366"},{"taxonomy":"post_tag","embeddable":true,"href":"https:\/\/gobernacionaltaverapaz.gob.gt\/index.php?rest_route=%2Fwp%2Fv2%2Ftags&post=5366"}],"curies":[{"name":"wp","href":"https:\/\/api.w.org\/{rel}","templated":true}]}}