{"id":5368,"date":"2018-09-15T08:18:42","date_gmt":"2018-09-15T14:18:42","guid":{"rendered":"http:\/\/gobernacionaltaverapaz.gob.gt\/?p=5368"},"modified":"2019-06-03T11:30:38","modified_gmt":"2019-06-03T17:30:38","slug":"investidura-de-funcionarios-pblicos-por-da","status":"publish","type":"post","link":"https:\/\/gobernacionaltaverapaz.gob.gt\/?p=5368","title":{"rendered":"INVESTIDURA DE FUNCIONARIOS P\u00daBLICOS POR UN D\u00cdA"},"content":{"rendered":"<p style=\"text-align: justify;\">Investidura de funcionarios p\u00fablicos por un d\u00eda; los ni\u00f1os destacados fueron:<br \/>\n1. Gobernadora: Luc\u00eda L\u00f3pez<br \/>\n2. Presidente del CODEDE: Pablo Rax.<br \/>\n3. Coordinadora Institucional: Alexandra Toc.<br \/>\n4. Coordinadora de Seguridad P\u00fablica: Amy Morales.<br \/>\n5. Representante del Organismo Ejecutivo: Karen Cacao.<\/p>\n<p>&nbsp;<\/p>\n<div><\/div>\n<p>&nbsp;<\/p>\n<p><a href=\"https:\/\/www.facebook.com\/GobernacionAV\/photos\/pcb.675664676149465\/675664422816157\/?type=3&amp;theater\" target=\"_blank\" rel=\"noopener\"><img decoding=\"async\" loading=\"lazy\" class=\"alignnone wp-image-3872\" title=\"Ver galer\u00eda en Facebook\" src=\"http:\/\/gobernacionaltaverapaz.gob.gt\/wp-content\/uploads\/2019\/05\/boton-galeria_fotos-150x150-300x99.jpg\" alt=\"\" width=\"200\" height=\"66\" \/><\/a><\/p>\n","protected":false},"excerpt":{"rendered":"<p>Los ni\u00f1os destacados fueron:<br \/>\n1. Gobernadora: Luc\u00eda L\u00f3pez<br \/>\n2. Presidente del CODEDE: Pablo Rax.<br \/>\n3. Coordinadora Institucional: Alexandra Toc.<br \/>\n4. Coordinadora de Seguridad P\u00fablica: Amy Morales.<br \/>\n5. Representante del Organismo Ejecutivo: Karen Cacao.<\/p>\n","protected":false},"author":1,"featured_media":5310,"comment_status":"closed","ping_status":"open","sticky":false,"template":"","format":"gallery","meta":[],"categories":[183,2,199,194],"tags":[],"_links":{"self":[{"href":"https:\/\/gobernacionaltaverapaz.gob.gt\/index.php?rest_route=\/wp\/v2\/posts\/5368"}],"collection":[{"href":"https:\/\/gobernacionaltaverapaz.gob.gt\/index.php?rest_route=\/wp\/v2\/posts"}],"about":[{"href":"https:\/\/gobernacionaltaverapaz.gob.gt\/index.php?rest_route=\/wp\/v2\/types\/post"}],"author":[{"embeddable":true,"href":"https:\/\/gobernacionaltaverapaz.gob.gt\/index.php?rest_route=\/wp\/v2\/users\/1"}],"replies":[{"embeddable":true,"href":"https:\/\/gobernacionaltaverapaz.gob.gt\/index.php?rest_route=%2Fwp%2Fv2%2Fcomments&post=5368"}],"version-history":[{"count":2,"href":"https:\/\/gobernacionaltaverapaz.gob.gt\/index.php?rest_route=\/wp\/v2\/posts\/5368\/revisions"}],"predecessor-version":[{"id":5370,"href":"https:\/\/gobernacionaltaverapaz.gob.gt\/index.php?rest_route=\/wp\/v2\/posts\/5368\/revisions\/5370"}],"wp:featuredmedia":[{"embeddable":true,"href":"https:\/\/gobernacionaltaverapaz.gob.gt\/index.php?rest_route=\/wp\/v2\/media\/5310"}],"wp:attachment":[{"href":"https:\/\/gobernacionaltaverapaz.gob.gt\/index.php?rest_route=%2Fwp%2Fv2%2Fmedia&parent=5368"}],"wp:term":[{"taxonomy":"category","embeddable":true,"href":"https:\/\/gobernacionaltaverapaz.gob.gt\/index.php?rest_route=%2Fwp%2Fv2%2Fcategories&post=5368"},{"taxonomy":"post_tag","embeddable":true,"href":"https:\/\/gobernacionaltaverapaz.gob.gt\/index.php?rest_route=%2Fwp%2Fv2%2Ftags&post=5368"}],"curies":[{"name":"wp","href":"https:\/\/api.w.org\/{rel}","templated":true}]}}