{"id":5380,"date":"2018-09-05T16:48:37","date_gmt":"2018-09-05T22:48:37","guid":{"rendered":"http:\/\/gobernacionaltaverapaz.gob.gt\/?p=5380"},"modified":"2019-06-03T12:10:45","modified_gmt":"2019-06-03T18:10:45","slug":"presentacin-de-resultados-avances-de-la-educacin-bilinge-intercultural-en-el-departamento-de-alta-verapaz","status":"publish","type":"post","link":"https:\/\/gobernacionaltaverapaz.gob.gt\/?p=5380","title":{"rendered":"PRESENTACI\u00d3N DE RESULTADOS Y AVANCES DE LA EDUCACI\u00d3N BILING\u00dcE INTERCULTURAL EN EL DEPARTAMENTO DE ALTA VERAPAZ"},"content":{"rendered":"<p style=\"text-align: justify;\">El d\u00eda mi\u00e9rcoles 05 de Septiembre, el se\u00f1or Gobernador Departamental, Lic. ERIK Nolberto Guerrero Milian, particip\u00f3 en la &#8220;Presentaci\u00f3n de Resultados y Avances de la Educaci\u00f3n Biling\u00fce Intercultural en el Departamento de Alta Verapaz&#8221;.<\/p>\n<p style=\"text-align: justify;\">En la actividad participaron representantes del Ministerio de Educaci\u00f3n, Viceministro de Educaci\u00f3n Biling\u00fce e instituciones no gubernamentales.<\/p>\n<p>&nbsp;<\/p>\n<div><\/div>\n","protected":false},"excerpt":{"rendered":"<p>En la actividad participaron representantes del Ministerio de Educaci\u00f3n, Viceministro de Educaci\u00f3n Biling\u00fce e instituciones no gubernamentales.<\/p>\n","protected":false},"author":1,"featured_media":5338,"comment_status":"closed","ping_status":"open","sticky":false,"template":"","format":"gallery","meta":[],"categories":[191,2,199],"tags":[],"_links":{"self":[{"href":"https:\/\/gobernacionaltaverapaz.gob.gt\/index.php?rest_route=\/wp\/v2\/posts\/5380"}],"collection":[{"href":"https:\/\/gobernacionaltaverapaz.gob.gt\/index.php?rest_route=\/wp\/v2\/posts"}],"about":[{"href":"https:\/\/gobernacionaltaverapaz.gob.gt\/index.php?rest_route=\/wp\/v2\/types\/post"}],"author":[{"embeddable":true,"href":"https:\/\/gobernacionaltaverapaz.gob.gt\/index.php?rest_route=\/wp\/v2\/users\/1"}],"replies":[{"embeddable":true,"href":"https:\/\/gobernacionaltaverapaz.gob.gt\/index.php?rest_route=%2Fwp%2Fv2%2Fcomments&post=5380"}],"version-history":[{"count":1,"href":"https:\/\/gobernacionaltaverapaz.gob.gt\/index.php?rest_route=\/wp\/v2\/posts\/5380\/revisions"}],"predecessor-version":[{"id":5381,"href":"https:\/\/gobernacionaltaverapaz.gob.gt\/index.php?rest_route=\/wp\/v2\/posts\/5380\/revisions\/5381"}],"wp:featuredmedia":[{"embeddable":true,"href":"https:\/\/gobernacionaltaverapaz.gob.gt\/index.php?rest_route=\/wp\/v2\/media\/5338"}],"wp:attachment":[{"href":"https:\/\/gobernacionaltaverapaz.gob.gt\/index.php?rest_route=%2Fwp%2Fv2%2Fmedia&parent=5380"}],"wp:term":[{"taxonomy":"category","embeddable":true,"href":"https:\/\/gobernacionaltaverapaz.gob.gt\/index.php?rest_route=%2Fwp%2Fv2%2Fcategories&post=5380"},{"taxonomy":"post_tag","embeddable":true,"href":"https:\/\/gobernacionaltaverapaz.gob.gt\/index.php?rest_route=%2Fwp%2Fv2%2Ftags&post=5380"}],"curies":[{"name":"wp","href":"https:\/\/api.w.org\/{rel}","templated":true}]}}