{"id":5468,"date":"2018-08-30T13:44:35","date_gmt":"2018-08-30T19:44:35","guid":{"rendered":"http:\/\/gobernacionaltaverapaz.gob.gt\/?p=5468"},"modified":"2019-06-04T11:40:22","modified_gmt":"2019-06-04T17:40:22","slug":"reunin-con-instituciones-pblicas-privadas-para-coordinar-las-actividades-se-realizarn-durante-las-fiestas-patrias","status":"publish","type":"post","link":"https:\/\/gobernacionaltaverapaz.gob.gt\/?p=5468","title":{"rendered":"REUNI\u00d3N CON INSTITUCIONES P\u00daBLICAS Y PRIVADAS PARA COORDINAR LAS ACTIVIDADES QUE SE REALIZAR\u00c1N DURANTE LAS FIESTAS PATRIAS"},"content":{"rendered":"<p style=\"text-align: justify;\">En reuni\u00f3n realizada en el palacio de Gobernaci\u00f3n, se coordinaron con distintas instituciones publicas y privadas las diferentes actividades que se realizar\u00e1n durante las festividades patrias del 15 de Septiembre en la cabecera departamental, para conmemorar los 197 a\u00f1os de la firma del Acta de Independencia de nuestro pa\u00eds.<\/p>\n<p>&nbsp;<\/p>\n<div><\/div>\n","protected":false},"excerpt":{"rendered":"<p>Para conmemorar los 197 a\u00f1os de la firma del Acta de Independencia de nuestro pa\u00eds.<\/p>\n","protected":false},"author":1,"featured_media":5419,"comment_status":"closed","ping_status":"open","sticky":false,"template":"","format":"gallery","meta":[],"categories":[183,2,199,194],"tags":[],"_links":{"self":[{"href":"https:\/\/gobernacionaltaverapaz.gob.gt\/index.php?rest_route=\/wp\/v2\/posts\/5468"}],"collection":[{"href":"https:\/\/gobernacionaltaverapaz.gob.gt\/index.php?rest_route=\/wp\/v2\/posts"}],"about":[{"href":"https:\/\/gobernacionaltaverapaz.gob.gt\/index.php?rest_route=\/wp\/v2\/types\/post"}],"author":[{"embeddable":true,"href":"https:\/\/gobernacionaltaverapaz.gob.gt\/index.php?rest_route=\/wp\/v2\/users\/1"}],"replies":[{"embeddable":true,"href":"https:\/\/gobernacionaltaverapaz.gob.gt\/index.php?rest_route=%2Fwp%2Fv2%2Fcomments&post=5468"}],"version-history":[{"count":2,"href":"https:\/\/gobernacionaltaverapaz.gob.gt\/index.php?rest_route=\/wp\/v2\/posts\/5468\/revisions"}],"predecessor-version":[{"id":5470,"href":"https:\/\/gobernacionaltaverapaz.gob.gt\/index.php?rest_route=\/wp\/v2\/posts\/5468\/revisions\/5470"}],"wp:featuredmedia":[{"embeddable":true,"href":"https:\/\/gobernacionaltaverapaz.gob.gt\/index.php?rest_route=\/wp\/v2\/media\/5419"}],"wp:attachment":[{"href":"https:\/\/gobernacionaltaverapaz.gob.gt\/index.php?rest_route=%2Fwp%2Fv2%2Fmedia&parent=5468"}],"wp:term":[{"taxonomy":"category","embeddable":true,"href":"https:\/\/gobernacionaltaverapaz.gob.gt\/index.php?rest_route=%2Fwp%2Fv2%2Fcategories&post=5468"},{"taxonomy":"post_tag","embeddable":true,"href":"https:\/\/gobernacionaltaverapaz.gob.gt\/index.php?rest_route=%2Fwp%2Fv2%2Ftags&post=5468"}],"curies":[{"name":"wp","href":"https:\/\/api.w.org\/{rel}","templated":true}]}}